{"id":99402,"date":"2025-11-25T08:07:07","date_gmt":"2025-11-25T08:07:07","guid":{"rendered":"https:\/\/www.europesays.com\/fi\/99402\/"},"modified":"2025-11-25T08:07:07","modified_gmt":"2025-11-25T08:07:07","slug":"isanmaan-toivot-sarjan-huumori-kertoo-ajan-hengesta","status":"publish","type":"post","link":"https:\/\/www.europesays.com\/fi\/99402\/","title":{"rendered":"Is\u00e4nmaan toivot -sarjan huumori kertoo ajan hengest\u00e4"},"content":{"rendered":"<p>\n  Aku Louhimiehen ohjaama Is\u00e4nmaan toivot tehtiin vuosina 1998\u20132002. Tilannekomediasarjan huumori kertoo my\u00f6s ajan hengest\u00e4.<\/p>\n<p>Sitcomia eli tilannekomediaa televisiolle tehtiin Suomessa jo ennen\u00a0Is\u00e4nmaan toivot -sarjaa\u00a0(1998\u20132002).\u00a0Hanski\u00a0huvitti\u00a01960-luvulla katsojia\u00a0<strong>Hannes H\u00e4yrisen<\/strong>\u00a0murjotuksilla. Seuraavalla vuosikymmenell\u00e4\u00a0Tankki t\u00e4yteen\u00a0tarjosi jo hokemia kansan suuhun.<\/p>\n<p>Frendien\u00a0ja\u00a0Seinfeldin\u00a01990-luvulle yritti suomalaista televisiota tuoda\u00a0Is\u00e4nmaan toivot. Tosin niiss\u00e4 eiv\u00e4t yht\u00e4 stereotyyppiset sukupuoliroolit taikka homokammoinen huumori olisi mennyt l\u00e4pi. Kuten vaikkapa Nylon Beatin ja PMMP:n ulostulot ovat muistuttaneet, maailma oli noihin aikoihin toinen, ja Suomi varsinkin.<\/p>\n<p>Nuoren polven n\u00e4yttelij\u00e4t puskevat kuitenkin yli kuprujen.\u00a0<strong>Tiina Lymi<\/strong>\u00a0v\u00e4l\u00e4yttelee tarkkaa ajoitusta kimppak\u00e4mp\u00e4n siivona, suomenruotsalaisena Henrikana.\u00a0<strong>T<\/strong><strong>oni Wahlstr\u00f6m<\/strong>\u00a0m\u00f6ll\u00f6ttelee juntti-Anttina, ja\u00a0<strong>Miia Nuutila<\/strong>\u00a0on hipahtava Titta.\u00a0<strong>Petteri Summanen<\/strong>\u00a0s\u00e4\u00e4t\u00e4\u00e4 ja mokailee sujuvasti Velluna, vaikka h\u00e4nen ja kumppaneiden sketsisarja\u00a0Studio Julmahuvi\u00a0samoilta ajoilta onkin paremmin kest\u00e4nyt aikaa.<\/p>\n<p>K\u00e4sikirjoittaja\u00a0<strong>Timo Varpio\u00a0<\/strong>on sittemmin loistanut esimerkiksi\u00a0Robassa\u00a0ja\u00a0Pohjoisen t\u00e4hdess\u00e4, ohjaaja\u00a0<strong>Aku Louhimies\u00a0<\/strong>Pahassa maassa\u00a0ja\u00a0Tuntemattomassa sotilaassa. Niihin oli t\u00e4ss\u00e4 vaiheessa viel\u00e4 matkaa.<\/p>\n<p>Is\u00e4nmaan toivot, tiistai 25.11. klo 22.00, <a href=\"https:\/\/www.ruutu.fi\/ohjelmat\/isanmaan-toivot\" target=\"_blank\" rel=\"noreferrer noopener nofollow\">Nelonen<\/a><\/p>\n<p><a href=\"https:\/\/seura.fi\/tv\/huoltamolle-sijoittuva-tankki-tayteen-tilannekomedia-ilahduttaa-suomalaisia-jalleen\/\" target=\"_blank\" rel=\"noreferrer noopener nofollow\">Lue my\u00f6s: Tankki t\u00e4yteen -sarjan hersyvin sivuhenkil\u00f6 oli konstaapeli Reinikainen \u2013 T\u00e4m\u00e4n polliisin pl\u00e4j\u00e4ytt\u00e4m\u00e4t klassikkolauseet eiv\u00e4t unohdu<\/a><\/p>\n","protected":false},"excerpt":{"rendered":"Aku Louhimiehen ohjaama Is\u00e4nmaan toivot tehtiin vuosina 1998\u20132002. Tilannekomediasarjan huumori kertoo my\u00f6s ajan hengest\u00e4. Sitcomia eli tilannekomediaa televisiolle&hellip;\n","protected":false},"author":2,"featured_media":99403,"comment_status":"","ping_status":"","sticky":false,"template":"","format":"standard","meta":{"footnotes":""},"categories":[133],"tags":[2275,137,33,31,30,915,19173,8720,32,206,12333,19174,2203,156,109],"class_list":{"0":"post-99402","1":"post","2":"type-post","3":"status-publish","4":"format-standard","5":"has-post-thumbnail","7":"category-televisiot","8":"tag-aku-louhimies","9":"tag-entertainment","10":"tag-fi","11":"tag-finland","12":"tag-finnish","13":"tag-komediasarja","14":"tag-miia-nuutila","15":"tag-petteri-summanen","16":"tag-suomi","17":"tag-televisiot","18":"tag-tiina-lymi","19":"tag-tilannekomediat","20":"tag-tv-maailma","21":"tag-tv","22":"tag-viihde"},"share_on_mastodon":{"url":"https:\/\/pubeurope.com\/@fi\/115609314440401930","error":""},"_links":{"self":[{"href":"https:\/\/www.europesays.com\/fi\/wp-json\/wp\/v2\/posts\/99402","targetHints":{"allow":["GET"]}}],"collection":[{"href":"https:\/\/www.europesays.com\/fi\/wp-json\/wp\/v2\/posts"}],"about":[{"href":"https:\/\/www.europesays.com\/fi\/wp-json\/wp\/v2\/types\/post"}],"author":[{"embeddable":true,"href":"https:\/\/www.europesays.com\/fi\/wp-json\/wp\/v2\/users\/2"}],"replies":[{"embeddable":true,"href":"https:\/\/www.europesays.com\/fi\/wp-json\/wp\/v2\/comments?post=99402"}],"version-history":[{"count":0,"href":"https:\/\/www.europesays.com\/fi\/wp-json\/wp\/v2\/posts\/99402\/revisions"}],"wp:featuredmedia":[{"embeddable":true,"href":"https:\/\/www.europesays.com\/fi\/wp-json\/wp\/v2\/media\/99403"}],"wp:attachment":[{"href":"https:\/\/www.europesays.com\/fi\/wp-json\/wp\/v2\/media?parent=99402"}],"wp:term":[{"taxonomy":"category","embeddable":true,"href":"https:\/\/www.europesays.com\/fi\/wp-json\/wp\/v2\/categories?post=99402"},{"taxonomy":"post_tag","embeddable":true,"href":"https:\/\/www.europesays.com\/fi\/wp-json\/wp\/v2\/tags?post=99402"}],"curies":[{"name":"wp","href":"https:\/\/api.w.org\/{rel}","templated":true}]}}