{"id":99407,"date":"2025-11-25T08:12:09","date_gmt":"2025-11-25T08:12:09","guid":{"rendered":"https:\/\/www.europesays.com\/fi\/99407\/"},"modified":"2025-11-25T08:12:09","modified_gmt":"2025-11-25T08:12:09","slug":"kevaan-2026-tv-ohjelmisto-tarjoaa-monipuolisen-kattauksen-kiinnostavia-uutuuksia-ja-tuttuja-suosikkeja","status":"publish","type":"post","link":"https:\/\/www.europesays.com\/fi\/99407\/","title":{"rendered":"Kev\u00e4\u00e4n 2026 tv-ohjelmisto tarjoaa monipuolisen kattauksen kiinnostavia uutuuksia ja tuttuja suosikkeja"},"content":{"rendered":"<p>\u00a026. tammikuuta alkaa <strong>Satu R\u00e4m\u00f6n<\/strong> menestysdekkareihin perustuva, odotettu Hildur-sarja. Kyseess\u00e4 on Ruudun alkuper\u00e4issarja, joka on noin miljoonan euron jaksobudjetillaan yksi Nelonen Median suurimmista draamahankinnoista.<\/p>\n<p>The Voice of Finlandin punaiseen penkkiin uutena t\u00e4htivalmentajana istahtaa <strong>Jenni Vartiainen<\/strong>. \u00a0Uusi kausi k\u00e4ynnistyy 23. tammikuuta.\u00a0<\/p>\n<p>Rakastettu Huvila &amp; Huussi laittaa suomalaisten kes\u00e4m\u00f6kkej\u00e4 kuntoon nyt aivan uuden juontajan voimin, kun sarjaa liidaa ensi kaudella ensimm\u00e4ist\u00e4 kertaa Nelosella n\u00e4ht\u00e4v\u00e4<strong> Marja Hintikka<\/strong>. Huvila &amp; Huussi starttaa Ruudussa ja Nelosella maaliskuussa.\u00a0<\/p>\n<p>Tv:n katsojat p\u00e4\u00e4sev\u00e4t j\u00e4lleen suomalaisten poliisien kyytiin uudessa Poliisit 24\/7 -seurantarealityssa, joka alkaa 14. tammikuuta. Poliisit 24\/7 seuraa poliisipartioiden ty\u00f6t\u00e4 Kuopiossa, Oulussa, Hyvink\u00e4\u00e4ll\u00e4 ja Tampereella.<\/p>\n<p>Tutustuista suosikeista kev\u00e4\u00e4ll\u00e4 n\u00e4hd\u00e4\u00e4n helmikuussa alkava Erikoisjoukot, maaliskuussa k\u00e4ynnistyv\u00e4t Petolliset, Farmi Suomi ja Kapen keitti\u00f6kaappaus sek\u00e4 huhtikuussa starttaavat T\u00e4hdet, t\u00e4hdet ja Suuri seikkailu.<\/p>\n<p>Ruudussa n\u00e4hd\u00e4\u00e4n j\u00e4lleen Sykkeen ja Koskisen uudet kaudet.\u00a0<\/p>\n<p>Elisa Viihteen sarjoista Ruudussa starttavat Ivalon ja Pasilan Myrkyn uudet kaudet.\u00a0<\/p>\n<p>Katso kev\u00e4\u00e4n 2026 ohjelmisto kokonaisuudessaan <a href=\"https:\/\/nelonen.fi\/uutiset\/nelonen-median-kevaan-2026-tv-ohjelmisto-nyt-julki\" target=\"_blank\" rel=\"nofollow noopener\">t\u00e4\u00e4lt\u00e4<\/a>.<\/p>\n<p style=\"-webkit-text-stroke-width:0px;background-color:rgb(255, 255, 255);box-sizing:inherit;color:rgb(0, 0, 0);font-family:&quot;The Message&quot;, sans-serif;font-size:16px;font-style:normal;font-variant-caps:normal;font-variant-ligatures:normal;font-weight:400;letter-spacing:normal;margin:1.5rem 0px;orphans:2;text-align:start;text-decoration-color:initial;text-decoration-style:initial;text-decoration-thickness:initial;text-indent:0px;text-transform:none;white-space:normal;widows:2;word-spacing:0px;\">Ole osa ilmi\u00f6t\u00e4, rakenna tunnettuutta tai ohjaa ostoon. Mainosta katkoilla, ohjelman yhteydess\u00e4, yhteisty\u00f6n\u00e4 r\u00e4\u00e4t\u00e4l\u00f6idysti tai tunnisteella. Muista my\u00f6s, ett\u00e4 tv-mainontaa voi kohdentaa alueellisesti!<\/p>\n<p style=\"-webkit-text-stroke-width:0px;background-color:rgb(255, 255, 255);box-sizing:inherit;color:rgb(0, 0, 0);font-family:&quot;The Message&quot;, sans-serif;font-size:16px;font-style:normal;font-variant-caps:normal;font-variant-ligatures:normal;font-weight:400;letter-spacing:normal;margin:1.5rem 0px;orphans:2;text-align:start;text-decoration-color:initial;text-decoration-style:initial;text-decoration-thickness:initial;text-indent:0px;text-transform:none;white-space:normal;widows:2;word-spacing:0px;\"><a class=\"button button--primary button--large button--arrow\" style=\"align-items:center;appearance:none;background-color:var(--c--interactive-base);border-style:none;box-shadow:none;box-sizing:inherit;color:var(--c--interactive-content);cursor:pointer;display:inline-flex;font-size:1rem;letter-spacing:0.024em;line-height:1rem;outline:none;padding:1rem 1.5rem;text-align:left;text-decoration:none;text-underline-offset:0.25rem;transition:filter 0.3s ease-in-out, color, background-color;\" href=\"https:\/\/media.sanoma.fi\/mediat-palvelut\/mainonnan-ratkaisut\/tv-mainonta\" target=\"_blank\" data-entity-type=\"node\" data-entity-uuid=\"6d80d350-44c6-42d4-a171-758d171a7b3e\" data-entity-substitution=\"canonical\" title=\"TV-mainonta\" data-once=\"link-active\" tabindex=\"-1\" rel=\"nofollow noopener\"><strong>Tutustu tv-mainonnan ratkaisuihin<\/strong><\/a><\/p>\n","protected":false},"excerpt":{"rendered":"\u00a026. tammikuuta alkaa Satu R\u00e4m\u00f6n menestysdekkareihin perustuva, odotettu Hildur-sarja. Kyseess\u00e4 on Ruudun alkuper\u00e4issarja, joka on noin miljoonan euron&hellip;\n","protected":false},"author":2,"featured_media":99408,"comment_status":"","ping_status":"","sticky":false,"template":"","format":"standard","meta":{"footnotes":""},"categories":[130],"tags":[137,33,31,30,32,109],"class_list":{"0":"post-99407","1":"post","2":"type-post","3":"status-publish","4":"format-standard","5":"has-post-thumbnail","7":"category-viihde","8":"tag-entertainment","9":"tag-fi","10":"tag-finland","11":"tag-finnish","12":"tag-suomi","13":"tag-viihde"},"share_on_mastodon":{"url":"https:\/\/pubeurope.com\/@fi\/115609334131827869","error":""},"_links":{"self":[{"href":"https:\/\/www.europesays.com\/fi\/wp-json\/wp\/v2\/posts\/99407","targetHints":{"allow":["GET"]}}],"collection":[{"href":"https:\/\/www.europesays.com\/fi\/wp-json\/wp\/v2\/posts"}],"about":[{"href":"https:\/\/www.europesays.com\/fi\/wp-json\/wp\/v2\/types\/post"}],"author":[{"embeddable":true,"href":"https:\/\/www.europesays.com\/fi\/wp-json\/wp\/v2\/users\/2"}],"replies":[{"embeddable":true,"href":"https:\/\/www.europesays.com\/fi\/wp-json\/wp\/v2\/comments?post=99407"}],"version-history":[{"count":0,"href":"https:\/\/www.europesays.com\/fi\/wp-json\/wp\/v2\/posts\/99407\/revisions"}],"wp:featuredmedia":[{"embeddable":true,"href":"https:\/\/www.europesays.com\/fi\/wp-json\/wp\/v2\/media\/99408"}],"wp:attachment":[{"href":"https:\/\/www.europesays.com\/fi\/wp-json\/wp\/v2\/media?parent=99407"}],"wp:term":[{"taxonomy":"category","embeddable":true,"href":"https:\/\/www.europesays.com\/fi\/wp-json\/wp\/v2\/categories?post=99407"},{"taxonomy":"post_tag","embeddable":true,"href":"https:\/\/www.europesays.com\/fi\/wp-json\/wp\/v2\/tags?post=99407"}],"curies":[{"name":"wp","href":"https:\/\/api.w.org\/{rel}","templated":true}]}}