{"id":99421,"date":"2025-11-25T08:35:09","date_gmt":"2025-11-25T08:35:09","guid":{"rendered":"https:\/\/www.europesays.com\/fi\/99421\/"},"modified":"2025-11-25T08:35:09","modified_gmt":"2025-11-25T08:35:09","slug":"lucasfilm-antoi-uuden-star-wars-elokuvan-tekijoille-joka-kaanteessa-yhden-ja-saman-ohjeen","status":"publish","type":"post","link":"https:\/\/www.europesays.com\/fi\/99421\/","title":{"rendered":"Lucasfilm antoi uuden Star Wars -elokuvan tekij\u00f6ille joka k\u00e4\u00e4nteess\u00e4 yhden ja saman ohjeen"},"content":{"rendered":"<p>Star Wars: Starfighter n\u00e4hd\u00e4\u00e4n vasta vuoden 2027 toukokuussa.<\/p>\n<p>Star Wars: Starfighter -elokuvan ohjaaja Shawn Levy kertoo The Business -podcastissa saaneensa <a href=\"https:\/\/muropaketti.com\/avainsana\/lucasfilm\/\" rel=\"nofollow noopener\" target=\"_blank\">Lucasfilmilta<\/a> vain yhden ja saman ohjeen toistamiseen. <\/p>\n<p>Monet aiemmista Star Wars -leffoista on tehty tarkan sapluunan mukaan. Nyt Lucasfilm pyysi ja vaati ohjaajalta jotain aivan muuta. <\/p>\n<p>\u201dHeid\u00e4n ainoa mandaattinsa on ollut, ett\u00e4 minun t\u00e4ytyy tehd\u00e4 jotain uutta ja omaper\u00e4ist\u00e4. Joka kerta kun olen kysynyt, ett\u00e4 pit\u00e4isik\u00f6 minun ottaa jokin tuttu hahmo mukaan, niin vastaus on ollut sama: \u201dfanit ovat jo n\u00e4hneet sen. Tee jotain uutta\u201d.\u201d<\/p>\n<p>Star Wars: Starfighter esittelee t\u00e4ysin uusia hahmoja ja se perustuu Levyn ideaan. K\u00e4sikirjoituksesta vastaa Jonathan Tropper. <\/p>\n<p>Levy sanoo h\u00e4nell\u00e4 olleen Starfighterin kanssa ainakin yht\u00e4 paljon vapauksia kuin ohjaamissaan Free Guy -ja The Adam Project -leffoissa, jotka eiv\u00e4t olleet osa suurempaa kokonaisuutta, vaan omillaan seisovia elokuvia.<\/p>\n<p>Star Wars: Starfighterin p\u00e4\u00e4osassa n\u00e4hd\u00e4\u00e4n Ryan Gosling, jonka esitt\u00e4m\u00e4 hahmo suojelee Flynn Grayn n\u00e4yttelem\u00e4\u00e4 nuorta poikaa. Mukana ovat my\u00f6s muun muassa Matt Smith, Mia Goth, Aaron Pierre, Simon Bird, Jamael Westman, Daniel Ings ja Amy Adams.<\/p>\n<p>Starfighterissa The Rise of Skywalker -elokuvan tapahtumista on ehtinyt kulua viisi vuotta. Elokuvan kuvaukset ovat t\u00e4ll\u00e4 hetkell\u00e4 k\u00e4ynniss\u00e4.  <\/p>\n<p>Ensi-iltansa Star Wars: Starfighter saa 28.5.2027.<\/p>\n<p>Ennen Shawn Levyn elokuvaa julkaisuvuorossa on Disney+:n hittisarjan elokuvaversio. Jon Favreaun ohjaama The Mandalorian and Grogu saapuu teattereihin 22. toukokuuta.<\/p>\n","protected":false},"excerpt":{"rendered":"Star Wars: Starfighter n\u00e4hd\u00e4\u00e4n vasta vuoden 2027 toukokuussa. Star Wars: Starfighter -elokuvan ohjaaja Shawn Levy kertoo The Business&hellip;\n","protected":false},"author":2,"featured_media":38349,"comment_status":"","ping_status":"","sticky":false,"template":"","format":"standard","meta":{"footnotes":""},"categories":[131],"tags":[155,137,33,173,31,30,2238,172,3265,6919,3519,6920,32,109],"class_list":{"0":"post-99421","1":"post","2":"type-post","3":"status-publish","4":"format-standard","5":"has-post-thumbnail","7":"category-elokuvat","8":"tag-elokuvat","9":"tag-entertainment","10":"tag-fi","11":"tag-film","12":"tag-finland","13":"tag-finnish","14":"tag-lucasfilm","15":"tag-movies","16":"tag-ryan-gosling","17":"tag-shawn-levy","18":"tag-star-wars","19":"tag-star-wars-starfighter","20":"tag-suomi","21":"tag-viihde"},"share_on_mastodon":{"url":"https:\/\/pubeurope.com\/@fi\/115609424564497202","error":""},"_links":{"self":[{"href":"https:\/\/www.europesays.com\/fi\/wp-json\/wp\/v2\/posts\/99421","targetHints":{"allow":["GET"]}}],"collection":[{"href":"https:\/\/www.europesays.com\/fi\/wp-json\/wp\/v2\/posts"}],"about":[{"href":"https:\/\/www.europesays.com\/fi\/wp-json\/wp\/v2\/types\/post"}],"author":[{"embeddable":true,"href":"https:\/\/www.europesays.com\/fi\/wp-json\/wp\/v2\/users\/2"}],"replies":[{"embeddable":true,"href":"https:\/\/www.europesays.com\/fi\/wp-json\/wp\/v2\/comments?post=99421"}],"version-history":[{"count":0,"href":"https:\/\/www.europesays.com\/fi\/wp-json\/wp\/v2\/posts\/99421\/revisions"}],"wp:featuredmedia":[{"embeddable":true,"href":"https:\/\/www.europesays.com\/fi\/wp-json\/wp\/v2\/media\/38349"}],"wp:attachment":[{"href":"https:\/\/www.europesays.com\/fi\/wp-json\/wp\/v2\/media?parent=99421"}],"wp:term":[{"taxonomy":"category","embeddable":true,"href":"https:\/\/www.europesays.com\/fi\/wp-json\/wp\/v2\/categories?post=99421"},{"taxonomy":"post_tag","embeddable":true,"href":"https:\/\/www.europesays.com\/fi\/wp-json\/wp\/v2\/tags?post=99421"}],"curies":[{"name":"wp","href":"https:\/\/api.w.org\/{rel}","templated":true}]}}