{"id":99444,"date":"2025-11-25T09:03:11","date_gmt":"2025-11-25T09:03:11","guid":{"rendered":"https:\/\/www.europesays.com\/fi\/99444\/"},"modified":"2025-11-25T09:03:11","modified_gmt":"2025-11-25T09:03:11","slug":"jyp-ja-teemu-vayrynen-lahtevat-eri-teille","status":"publish","type":"post","link":"https:\/\/www.europesays.com\/fi\/99444\/","title":{"rendered":"JYP ja Teemu V\u00e4yrynen l\u00e4htev\u00e4t eri teille"},"content":{"rendered":"<p>JYP ja hy\u00f6kk\u00e4\u00e4j\u00e4 Teemu V\u00e4yrynen l\u00e4htev\u00e4t eri teille.<\/p>\n<p>T\u00e4ksi kaudeksi seuraan siirtyneen V\u00e4yrysen sopimus on purettu. Aloite t\u00e4h\u00e4n tuli JYPin mukaan pelaajalta.<\/p>\n<p>\u2013 Nautin ajastani Jyv\u00e4skyl\u00e4ss\u00e4 ja oli etuoikeus pelata JYP-logolle. Hippoksella on nyt hyv\u00e4 meininki p\u00e4\u00e4ll\u00e4, joten pit\u00e4k\u00e4\u00e4 siit\u00e4 kiinni. Tsemppi\u00e4 jatkoon koko JYP-perheelle, V\u00e4yrynen kommentoi <a class=\"underline\" data-testid=\"external-link\" href=\"https:\/\/www.jypliiga.fi\/2025\/11\/jypin-ja-teemu-vayrysen-tiet-erkanevat-pelaajasopimus-purettu\/\" rel=\"noopener noreferrer nofollow\" target=\"_blank\" data-sentry-component=\"ExternalLink\" data-sentry-source-file=\"ExternalLink.tsx\">tiedotteessa<\/a>.<\/p>\n<p>28-vuotias kiekkoilija pelasi alkukaudella 21 ottelua ja ker\u00e4si vaatimattomat 2+2=4 pistett\u00e4. V\u00e4yrynen sai peliaikaa keskiarvolta 10 minuuttia per ottelu.<\/p>\n<p>Ruotsalaismedioissa on huhuiltu V\u00e4yrysen seuraavaksi osoitteeksi Allsvenskan-seura S\u00f6dert\u00e4lje\u00e4. Asiaan ei ole kuitenkaan saatu viel\u00e4 vahvistusta.<\/p>\n<p>V\u00e4yrynen on pelannut pisteiden valossa uransa parasta kiekkoa juurikin Ruotsin kakkostasolla. Kausilla 2023\u20132025 h\u00e4nen seuransa oli Kalmar HC, jossa pongoja syntyi yhdell\u00e4 sesongilla parhaimmillaan 11+36=47.\u00a0<\/p>\n<p>V\u00e4yrynen on Joensuun Kiekko-Poikien kasvatti. H\u00e4n on pelannut SM-liigassa aiemmin Bluesissa, TPS:ss\u00e4, HIFK:ssa, Ilveksess\u00e4 ja Sportissa.\u00a0<\/p>\n<p>Ilman V\u00e4yrysen palveluksia jatkava JYP on liit\u00e4nyt alkukaudella. Se on SM-liigan runkosarjassa toisena \u00c4ssien per\u00e4ss\u00e4, mutta pistekeskiarvolla mitattuna <strong class=\"typography-bold\">Petri Matikaisen<\/strong> k\u00e4skem\u00e4 jyv\u00e4skyl\u00e4l\u00e4isseura on sarjan ykk\u00f6nen.\u00a0<\/p>\n","protected":false},"excerpt":{"rendered":"JYP ja hy\u00f6kk\u00e4\u00e4j\u00e4 Teemu V\u00e4yrynen l\u00e4htev\u00e4t eri teille. T\u00e4ksi kaudeksi seuraan siirtyneen V\u00e4yrysen sopimus on purettu. Aloite t\u00e4h\u00e4n&hellip;\n","protected":false},"author":2,"featured_media":99445,"comment_status":"","ping_status":"","sticky":false,"template":"","format":"standard","meta":{"footnotes":""},"categories":[158],"tags":[33,31,30,159,32,160],"class_list":{"0":"post-99444","1":"post","2":"type-post","3":"status-publish","4":"format-standard","5":"has-post-thumbnail","7":"category-urheilu","8":"tag-fi","9":"tag-finland","10":"tag-finnish","11":"tag-sports","12":"tag-suomi","13":"tag-urheilu"},"share_on_mastodon":{"url":"https:\/\/pubeurope.com\/@fi\/115609534787465555","error":""},"_links":{"self":[{"href":"https:\/\/www.europesays.com\/fi\/wp-json\/wp\/v2\/posts\/99444","targetHints":{"allow":["GET"]}}],"collection":[{"href":"https:\/\/www.europesays.com\/fi\/wp-json\/wp\/v2\/posts"}],"about":[{"href":"https:\/\/www.europesays.com\/fi\/wp-json\/wp\/v2\/types\/post"}],"author":[{"embeddable":true,"href":"https:\/\/www.europesays.com\/fi\/wp-json\/wp\/v2\/users\/2"}],"replies":[{"embeddable":true,"href":"https:\/\/www.europesays.com\/fi\/wp-json\/wp\/v2\/comments?post=99444"}],"version-history":[{"count":0,"href":"https:\/\/www.europesays.com\/fi\/wp-json\/wp\/v2\/posts\/99444\/revisions"}],"wp:featuredmedia":[{"embeddable":true,"href":"https:\/\/www.europesays.com\/fi\/wp-json\/wp\/v2\/media\/99445"}],"wp:attachment":[{"href":"https:\/\/www.europesays.com\/fi\/wp-json\/wp\/v2\/media?parent=99444"}],"wp:term":[{"taxonomy":"category","embeddable":true,"href":"https:\/\/www.europesays.com\/fi\/wp-json\/wp\/v2\/categories?post=99444"},{"taxonomy":"post_tag","embeddable":true,"href":"https:\/\/www.europesays.com\/fi\/wp-json\/wp\/v2\/tags?post=99444"}],"curies":[{"name":"wp","href":"https:\/\/api.w.org\/{rel}","templated":true}]}}