{"id":99453,"date":"2025-11-25T09:09:08","date_gmt":"2025-11-25T09:09:08","guid":{"rendered":"https:\/\/www.europesays.com\/fi\/99453\/"},"modified":"2025-11-25T09:09:08","modified_gmt":"2025-11-25T09:09:08","slug":"15-vuotias-tytto-kateissa-poliisi-pyytaa-havaintoja","status":"publish","type":"post","link":"https:\/\/www.europesays.com\/fi\/99453\/","title":{"rendered":"15-vuotias tytt\u00f6 kateissa \u2013 Poliisi pyyt\u00e4\u00e4 havaintoja"},"content":{"rendered":"<p>Kadonneen tyt\u00f6n ep\u00e4ill\u00e4\u00e4n liikkuvan M\u00e4nts\u00e4l\u00e4n, Hyvink\u00e4\u00e4n ja Riihim\u00e4en alueella.<\/p>\n<p><img decoding=\"async\" class=\"image image-show image-preview\" src=\"https:\/\/www.europesays.com\/fi\/wp-content\/uploads\/2025\/11\/d64a0c83bfb739fb418dccd7075d6e50cac97a82d504e99dd4273d1cbe6720ed.jpg\" alt=\"\"\/><img decoding=\"async\" class=\"image image-show\" src=\"https:\/\/www.europesays.com\/fi\/wp-content\/uploads\/2025\/11\/1764061748_638_d64a0c83bfb739fb418dccd7075d6e50cac97a82d504e99dd4273d1cbe6720ed.jpg\" alt=\"\"\/><\/p>\n<p>Kuva kadonneesta tyt\u00f6st\u00e4. Kuvat: Poliisi<\/p>\n<p class=\"paragraph\">Poliisi pyyt\u00e4\u00e4 havaintoja 15-vuotiaasta tyt\u00f6st\u00e4, joka on ollut kateissa perjantaista 21. marraskuuta saakka.<\/p>\n<p class=\"paragraph\">Kadonneen kerrotaan liikkuvan mahdollisesti M\u00e4nts\u00e4l\u00e4n, Hyvink\u00e4\u00e4n ja Riihim\u00e4en alueella.<\/p>\n<p class=\"paragraph\">Kadonneella tyt\u00f6ll\u00e4 on vaaleat hiukset. H\u00e4n on noin 164 cm pitk\u00e4 ja ruumiinrakenteeltaan hoikka. Tyt\u00f6ll\u00e4 on ollut p\u00e4\u00e4ll\u00e4\u00e4n vaalea tekokarvatakki ja vaaleat housut tai farkut.<\/p>\n<p class=\"paragraph\">Poliisi pyyt\u00e4\u00e4 ilmoittamaan havainnot kadonneesta s\u00e4hk\u00f6postitse osoitteeseen kadonneet.helsinki@poliisi.fi.<\/p>\n<p>Kuva kadonneen p\u00e4\u00e4ll\u00e4 olleesta takista. Kuvat: Poliisi<\/p>\n","protected":false},"excerpt":{"rendered":"Kadonneen tyt\u00f6n ep\u00e4ill\u00e4\u00e4n liikkuvan M\u00e4nts\u00e4l\u00e4n, Hyvink\u00e4\u00e4n ja Riihim\u00e4en alueella. Kuva kadonneesta tyt\u00f6st\u00e4. Kuvat: Poliisi Poliisi pyyt\u00e4\u00e4 havaintoja 15-vuotiaasta&hellip;\n","protected":false},"author":2,"featured_media":99454,"comment_status":"","ping_status":"","sticky":false,"template":"","format":"standard","meta":{"footnotes":""},"categories":[12],"tags":[35,22,23,2110,26,27,33,31,30,17,55,24,25,28,29,15,18,21,122,54,103,32,19,20,16],"class_list":{"0":"post-99453","1":"post","2":"type-post","3":"status-publish","4":"format-standard","5":"has-post-thumbnail","7":"category-suomi","8":"tag-24h","9":"tag-breaking-news","10":"tag-breakingnews","11":"tag-elamantapa-ja-vapaa-aika","12":"tag-featured-news","13":"tag-featurednews","14":"tag-fi","15":"tag-finland","16":"tag-finnish","17":"tag-headlines","18":"tag-lainvalvonta","19":"tag-latest-news","20":"tag-latestnews","21":"tag-main-news","22":"tag-mainnews","23":"tag-news","24":"tag-otsikot","25":"tag-paauutiset","26":"tag-pelastaminen","27":"tag-pelastuspalvelut","28":"tag-sosiaalikysymykset","29":"tag-suomi","30":"tag-top-stories","31":"tag-topstories","32":"tag-uutiset"},"share_on_mastodon":{"url":"https:\/\/pubeurope.com\/@fi\/115609558526672025","error":""},"_links":{"self":[{"href":"https:\/\/www.europesays.com\/fi\/wp-json\/wp\/v2\/posts\/99453","targetHints":{"allow":["GET"]}}],"collection":[{"href":"https:\/\/www.europesays.com\/fi\/wp-json\/wp\/v2\/posts"}],"about":[{"href":"https:\/\/www.europesays.com\/fi\/wp-json\/wp\/v2\/types\/post"}],"author":[{"embeddable":true,"href":"https:\/\/www.europesays.com\/fi\/wp-json\/wp\/v2\/users\/2"}],"replies":[{"embeddable":true,"href":"https:\/\/www.europesays.com\/fi\/wp-json\/wp\/v2\/comments?post=99453"}],"version-history":[{"count":0,"href":"https:\/\/www.europesays.com\/fi\/wp-json\/wp\/v2\/posts\/99453\/revisions"}],"wp:featuredmedia":[{"embeddable":true,"href":"https:\/\/www.europesays.com\/fi\/wp-json\/wp\/v2\/media\/99454"}],"wp:attachment":[{"href":"https:\/\/www.europesays.com\/fi\/wp-json\/wp\/v2\/media?parent=99453"}],"wp:term":[{"taxonomy":"category","embeddable":true,"href":"https:\/\/www.europesays.com\/fi\/wp-json\/wp\/v2\/categories?post=99453"},{"taxonomy":"post_tag","embeddable":true,"href":"https:\/\/www.europesays.com\/fi\/wp-json\/wp\/v2\/tags?post=99453"}],"curies":[{"name":"wp","href":"https:\/\/api.w.org\/{rel}","templated":true}]}}