{"id":99455,"date":"2025-11-25T09:10:09","date_gmt":"2025-11-25T09:10:09","guid":{"rendered":"https:\/\/www.europesays.com\/fi\/99455\/"},"modified":"2025-11-25T09:10:09","modified_gmt":"2025-11-25T09:10:09","slug":"elina-valtonen-suomi-vahvistaa-otettaan-arktisella-alueella","status":"publish","type":"post","link":"https:\/\/www.europesays.com\/fi\/99455\/","title":{"rendered":"Elina Valtonen: Suomi vahvistaa otettaan arktisella alueella"},"content":{"rendered":"<p>Arktinen alue|Ulkoministeri Elina Valtosen mukaan turvallisuusymp\u00e4rist\u00f6 pohjoisessa on heikentynyt.<\/p>\n<p>Lue tiivistelm\u00e4<\/p>\n<p>Tiivistelm\u00e4 on teko\u00e4lyn tekem\u00e4 ja ihmisen tarkistama.<\/p>\n<p class=\"article-body mb-nof-24 px-nof-16 sndp-summary-bullet-point-font\">Ulkoministeri Elina Valtonen julkisti uuden arktista aluetta koskevan ulko- ja turvallisuuspoliittisen linjauksen.<\/p>\n<p class=\"article-body mb-nof-24 px-nof-16 sndp-summary-bullet-point-font\">Linjauksessa todetaan, ett\u00e4 sotilaallinen toiminta ja vastakkainasettelu arktisella alueella ovat lis\u00e4\u00e4ntyneet, vaikka suoran konfliktin riski on v\u00e4h\u00e4inen.<\/p>\n<p class=\"article-body mb-nof-24 px-nof-16 sndp-summary-bullet-point-font\">Suomen tavoitteena on rauhanomainen ja vakaa arktinen alue, jossa toiminta perustuu kansainv\u00e4liseen oikeuteen.<\/p>\n<p class=\"article-body mb-nof-24 px-nof-16 sndp-summary-bullet-point-font\">Linjaus painottaa Suomen arktista osaamista vahvuutena ja tavoitetta nostaa arktinen yhteisty\u00f6 korkeammalle EU:n prioriteeteissa.<\/p>\n<p class=\"article-body mb-nof-24 px-nof-16\">Sotilaallinen toiminta ja vastakkainasettelu arktisella alueella ovat lis\u00e4\u00e4ntyneet. Vaikka suoran konfliktin riski on v\u00e4h\u00e4inen, heijastuu turvallisuusymp\u00e4rist\u00f6n muutos Pohjois-Euroopassa my\u00f6s arktisen alueen \u201dkonfliktipotentiaalin kasvuun.\u201d<\/p>\n<p class=\"article-body mb-nof-24 px-nof-16\">Muun muassa n\u00e4in arvioidaan arktisen ulko- ja turvallisuuspolitiikan linjauksessa, jonka ulkoministeri<a class=\"article-personlink\" href=\"https:\/\/www.hs.fi\/haku\/?query=%20Elina%20Valtonen\" rel=\"nofollow noopener\" target=\"_blank\"> Elina Valtonen <\/a>(kok) julkisti tiistaina.<\/p>\n<p class=\"article-body mb-nof-24 px-nof-16\">\u201dArktinen alue ei ole en\u00e4\u00e4 mik\u00e4\u00e4n erityinen rauhan tyyssija, vaikka kovasti niin haluaisimme\u201d, h\u00e4n sanoi.<\/p>\n<p class=\"article-body mb-nof-24 px-nof-16\">Valtosesta ei kuitenkaan ole \u201daihetta h\u00e4t\u00e4\u00e4n\u201d, vaikka arktinen on uudella tavalla suurvaltapolitiikan n\u00e4ytt\u00e4m\u00f6. Suomi on varautunut.<\/p>\n<p class=\"article-body mb-nof-24 px-nof-16\">Kyseess\u00e4 on ensimm\u00e4inen erillinen ulko- ja turvallisuuspolitiikkaa k\u00e4sittelev\u00e4 arktinen linjaus. Siin\u00e4 kuvaillaan t\u00e4m\u00e4n hetken tilannetta arktisella. Lis\u00e4ksi asetetaan Suomen arktisen ulko- ja turvallisuuspolitiikan tavoitteet sek\u00e4 listataan tarvittavia toimia.<\/p>\n<p class=\"article-body mb-nof-24 px-nof-16\">Linjauksen mukaan Suomen tavoitteena on \u201drauhanomainen ja vakaa arktinen alue, jossa toiminta perustuu rakentavaan yhteisty\u00f6h\u00f6n ja kansainv\u00e4liseen oikeuteen, alueen v\u00e4est\u00f6n oikeudet ja elinolot turvaten.\u201d<\/p>\n<p class=\"article-body mb-nof-24 px-nof-16\">Linjauksessa on vahva painotus my\u00f6s sille, ett\u00e4 Suomelle arktinen alue tarjoaa mahdollisuuksia.<\/p>\n<p class=\"article-body mb-nof-24 px-nof-16\">Arktinen osaaminen on sen mukaan Suomen vahvuus, joka lis\u00e4\u00e4 kiinnostavuuttamme liittolaisten ja kumppanien silmiss\u00e4, linjauksessa todetaan. J\u00e4\u00e4nmurtajayhteisty\u00f6n edist\u00e4mist\u00e4 halutaan muun muassa jatkaa.<\/p>\n<p class=\"article-body mb-nof-24 px-nof-16\">Suomi hy\u00f6dynt\u00e4\u00e4 Suomen ja Yhdysvaltojen v\u00e4lisen yhteisymm\u00e4rrysp\u00f6yt\u00e4kirjan tuoman mahdollisuudet t\u00e4ysim\u00e4\u00e4r\u00e4isesti, linjauksessa todetaan.<\/p>\n<p class=\"article-body mb-nof-24 px-nof-16\">Lis\u00e4ksi Suomi pyrkii muun muassa vaikuttamaan siihen, ett\u00e4 arktinen yhteisty\u00f6 nousee korkeammalle EU:n prioriteettien joukossa.<\/p>\n<p class=\"article-body mb-nof-24 px-nof-16\">Linjauksessa todetaan, ett\u00e4 Ven\u00e4j\u00e4 on jo pitk\u00e4\u00e4n vahvistanut sotilaallista l\u00e4sn\u00e4oloaan turvatakseen geopoliittiset ja taloudelliset intressins\u00e4 arktisella. Pohjoisten merireittien hallinta korostuu Ven\u00e4j\u00e4n turvallisuusajattelussa.<\/p>\n<p class=\"article-body mb-nof-24 px-nof-16\">My\u00f6s Kiinan kiinnostus arktista aluetta kohtaan on kasvanut ja se tavoittelee polaarialueiden suurvallan asemaa t\u00e4m\u00e4n vuosikymmenen loppuun menness\u00e4. Kiinaa arktinen kiinnostaa ennen kaikkea taloudellisten mahdollisuuksien vuoksi, mutta my\u00f6s alueen turvallisuuspoliittinen merkitys Kiinalle on kasvussa.<\/p>\n<p class=\"article-body mb-nof-24 px-nof-16\">Suomi painottaa linjauksessa, ett\u00e4 Kiina ei ole arktinen maa. Arktista yhteisty\u00f6t\u00e4 pit\u00e4isi jatkossakin harjoittaa arktisen neuvoston puitteissa. Linjauksessa Suomi korostaa sen asemaa.<\/p>\n<p class=\"article-body mb-nof-24 px-nof-16\">Neuvoston ty\u00f6 on ollut pitk\u00e4lti halvaantunutta Ven\u00e4j\u00e4n aloitettua hy\u00f6kk\u00e4yssotansa Ukrainassa. Suomen tavoitteena on sen toimintakyky ja ensisijaisuus alueen hallintaan ja kest\u00e4v\u00e4\u00e4n kehitykseen vaikuttavassa p\u00e4\u00e4t\u00f6ksenteossa.<\/p>\n<p class=\"article-body mb-nof-24 px-nof-16\">Neuvoston toimialaan ei kuulu ulko- ja turvallisuuspolitiikka. Sen osalta keskisimpin\u00e4 viiteryhmin\u00e4 pidet\u00e4\u00e4n Pohjoismaita, Yhdysvaltoja ja Kanadaa.<\/p>\n<p class=\"article-body mb-nof-24 px-nof-16\">Pohjoismaiden kanssa halutaan kehitt\u00e4\u00e4 muun muassa Pohjois-Suomesta Ruotsin kautta Norjaan kulkevia maantie- ja rautatieyhteyksi\u00e4.<\/p>\n","protected":false},"excerpt":{"rendered":"Arktinen alue|Ulkoministeri Elina Valtosen mukaan turvallisuusymp\u00e4rist\u00f6 pohjoisessa on heikentynyt. Lue tiivistelm\u00e4 Tiivistelm\u00e4 on teko\u00e4lyn tekem\u00e4 ja ihmisen tarkistama.&hellip;\n","protected":false},"author":2,"featured_media":99456,"comment_status":"","ping_status":"","sticky":false,"template":"","format":"standard","meta":{"footnotes":""},"categories":[5],"tags":[22,23,26,27,33,31,30,17,46,24,25,28,29,15,18,21,32,19,20,16],"class_list":{"0":"post-99455","1":"post","2":"type-post","3":"status-publish","4":"format-standard","5":"has-post-thumbnail","7":"category-otsikot","8":"tag-breaking-news","9":"tag-breakingnews","10":"tag-featured-news","11":"tag-featurednews","12":"tag-fi","13":"tag-finland","14":"tag-finnish","15":"tag-headlines","16":"tag-helsingin-sanomat","17":"tag-latest-news","18":"tag-latestnews","19":"tag-main-news","20":"tag-mainnews","21":"tag-news","22":"tag-otsikot","23":"tag-paauutiset","24":"tag-suomi","25":"tag-top-stories","26":"tag-topstories","27":"tag-uutiset"},"share_on_mastodon":{"url":"https:\/\/pubeurope.com\/@fi\/115609562171679650","error":""},"_links":{"self":[{"href":"https:\/\/www.europesays.com\/fi\/wp-json\/wp\/v2\/posts\/99455","targetHints":{"allow":["GET"]}}],"collection":[{"href":"https:\/\/www.europesays.com\/fi\/wp-json\/wp\/v2\/posts"}],"about":[{"href":"https:\/\/www.europesays.com\/fi\/wp-json\/wp\/v2\/types\/post"}],"author":[{"embeddable":true,"href":"https:\/\/www.europesays.com\/fi\/wp-json\/wp\/v2\/users\/2"}],"replies":[{"embeddable":true,"href":"https:\/\/www.europesays.com\/fi\/wp-json\/wp\/v2\/comments?post=99455"}],"version-history":[{"count":0,"href":"https:\/\/www.europesays.com\/fi\/wp-json\/wp\/v2\/posts\/99455\/revisions"}],"wp:featuredmedia":[{"embeddable":true,"href":"https:\/\/www.europesays.com\/fi\/wp-json\/wp\/v2\/media\/99456"}],"wp:attachment":[{"href":"https:\/\/www.europesays.com\/fi\/wp-json\/wp\/v2\/media?parent=99455"}],"wp:term":[{"taxonomy":"category","embeddable":true,"href":"https:\/\/www.europesays.com\/fi\/wp-json\/wp\/v2\/categories?post=99455"},{"taxonomy":"post_tag","embeddable":true,"href":"https:\/\/www.europesays.com\/fi\/wp-json\/wp\/v2\/tags?post=99455"}],"curies":[{"name":"wp","href":"https:\/\/api.w.org\/{rel}","templated":true}]}}