{"id":99457,"date":"2025-11-25T09:22:09","date_gmt":"2025-11-25T09:22:09","guid":{"rendered":"https:\/\/www.europesays.com\/fi\/99457\/"},"modified":"2025-11-25T09:22:09","modified_gmt":"2025-11-25T09:22:09","slug":"archie-cruz-lataa-tayslaidallisen-ei-vakisin","status":"publish","type":"post","link":"https:\/\/www.europesays.com\/fi\/99457\/","title":{"rendered":"Archie Cruz lataa t\u00e4yslaidallisen: &#8221;Ei v\u00e4kisin!&#8221;"},"content":{"rendered":"<p>\n            Archie Cruz poseerasi Seiskan kuvaajalle Erikoisjoukot-ohjelman lehdist\u00f6tilaisuudessa 20.8.<br \/>\n            ATTE KAJOVA\n        <\/p>\n<p class=\"subtitle \">Archie on pettynyt.<\/p>\n<p class=\"article-content article-content-width !bg-background\">Rokkari , eli ,\u00a0nousi julkisuuteen nuorena perustamansa Santa Cruz -yhtyeen my\u00f6t\u00e4.<\/p>\n<p class=\"font-weight-bold m-font-weight-bold article-content article-content-width !bg-background\">Katso video \u2013 Iida ja Archie yhdess\u00e4 konsertissa:<\/p>\n<p>Bussista ulos<\/p>\n<p class=\"article-content article-content-width !bg-background\">Santa Cruz hajosi j\u00e4senten v\u00e4leihin syntyneiden ristiriitojen vuoksi vuonna 2018.\u00a0<\/p>\n<p class=\"article-content article-content-width !bg-background\">Tarkemmin sanottuna muut j\u00e4senet p\u00e4\u00e4ttiv\u00e4t j\u00e4tt\u00e4\u00e4 yhtyeen, sill\u00e4 he kokivat Archien k\u00e4yt\u00f6ksen vaikeaksi. Yhdysvaltojen-kiertueen aikana tilanne k\u00e4rjistyi siihen, ett\u00e4 he heittiv\u00e4t Archien ulos keikkabussista kesken matkan, mink\u00e4 seurauksena kiertueen j\u00e4ljelle j\u00e4\u00e4neet konsertit jouduttiin perumaan.<\/p>\n<p>        <a itemprop=\"url\" href=\"https:\/\/www.seiska.fi\/vain-seiskassa\/iida-vainion-erikoinen-tyyli-heratti-huomiota-salakuva\/1989688\" rel=\"nofollow noopener\" target=\"_blank\"><\/p>\n<p>\nSalakuva\n<\/p>\n<p class=\"section-date\">\n        <strong class=\"article-section\" data-section=\"vain seiskassa\"><br \/>\n            vain seiskassa<br \/>\n        <\/strong><br \/>\n        15.11. 07:00\n    <\/p>\n<p>Iida Vainion erikoinen tyyli her\u00e4tti huomiota \u2013 salakuva\n    <\/p>\n<p itemprop=\"description\" class=\"subtitle \">\n    Iida erottui joukosta death metal -kansan keskell\u00e4.\n<\/p>\n<p>        <\/a><\/p>\n<p class=\"article-content article-content-width !bg-background\">Archie on kuitenkin osoittanut sinnikkyytt\u00e4 musiikkiuransa suhteen, ja on kokeillut siipi\u00e4\u00e4n suomenkielisen musiikin parissa.<\/p>\n<p>                <img decoding=\"async\" src=\"https:\/\/www.europesays.com\/fi\/wp-content\/uploads\/2025\/11\/1764062529_200_1976200.webp\" width=\"576\" height=\"274\" alt=\"Archie ja Iida-rakas edustivat yhdess\u00e4 Soundi 50v -juhlan\u00e4yt\u00f6ksess\u00e4 lokakuussa.\" loading=\"lazy\" \/>            <\/p>\n<p>\n            Archie ja Iida-rakas edustivat yhdess\u00e4 Soundi 50v -juhlan\u00e4yt\u00f6ksess\u00e4 lokakuussa.<br \/>\n            Jani Korpela\n        <\/p>\n<p>&#8221;Ei v\u00e4kisin!&#8221;<\/p>\n<p class=\"article-content article-content-width !bg-background\">Somek\u00e4ytt\u00e4ytymisell\u00e4\u00e4n useaan otteeseen kohua her\u00e4tt\u00e4nyt Archie ei pelk\u00e4\u00e4 sanoa mielipidett\u00e4\u00e4n suoraan. T\u00e4ll\u00e4 kertaa h\u00e4nen p\u00e4ivityksess\u00e4\u00e4n huomion kohteeksi nousivat suomalaiset keikkamyyj\u00e4t ja levy-yhti\u00f6t.<\/p>\n<p>        <a itemprop=\"url\" href=\"https:\/\/www.seiska.fi\/kotimaa\/milla-elavat-iida-vainio-ja-archie-cruz-tulot-hatkahdyttavat\/1983073\" rel=\"nofollow noopener\" target=\"_blank\"><\/p>\n<p>\nMill\u00e4 el\u00e4v\u00e4t Iida ja Archie?\n<\/p>\n<p class=\"section-date\">\n        <strong class=\"article-section\" data-section=\"kotimaa\"><br \/>\n            kotimaa<br \/>\n        <\/strong><br \/>\n        12.11. 08:40\n    <\/p>\n<p>Mill\u00e4 el\u00e4v\u00e4t Iida Vainio ja Archie Cruz? Tulot h\u00e4tk\u00e4hdytt\u00e4v\u00e4t\n    <\/p>\n<p itemprop=\"description\" class=\"subtitle \">\n    Kohuparin verotiedot ovat karua luettavaa.\n<\/p>\n<p>        <\/a><\/p>\n<p class=\"article-content article-content-width !bg-background\">\u2013\u00a0P\u00e4\u00e4s melkein unohtumaan t\u00e4ss\u00e4 syksyn mittaan et kes\u00e4ll\u00e4 esitettiin setillinen suomenkielist\u00e4 musaa suurelle ihmisjoukkiolle Savonlinnassa, Archie aloittaa Instagram-p\u00e4ivityksens\u00e4.<\/p>\n<p class=\"article-content article-content-width !bg-background\">Videolla ruutupaitaan pukeutunut Archie soittaa kitaraa ja laulaa lavalla.<\/p>\n<p class=\"article-content article-content-width !bg-background\">\u2013 Truth be told se on mulle viel\u00e4kin pieni mysteeri miten Suomen keikkamyyj\u00e4t ja levy-yhti\u00f6t onnistui s\u00f6ssim\u00e4\u00e4n n\u00e4inkin t\u00e4ydellisen lapaan sy\u00f6t\u00f6n, mut ei v\u00e4kisin! Biiseist\u00e4 ja toteutuksesta se ei ainakaan j\u00e4\u00e4nyt kiinni, Archie t\u00e4r\u00e4ytt\u00e4\u00e4.<\/p>\n<p>        <a itemprop=\"url\" href=\"https:\/\/www.seiska.fi\/vain-seiskassa\/talta-nayttaa-iida-vainion-ulosottorekisteri\/1988659\" rel=\"nofollow noopener\" target=\"_blank\"><\/p>\n<p>\nIida Vainion talousahdinko\n<\/p>\n<p class=\"section-date\">\n        <strong class=\"article-section\" data-section=\"vain seiskassa\"><br \/>\n            vain seiskassa<br \/>\n        <\/strong><br \/>\n        19.11. 05:00\n    <\/p>\n<p>T\u00e4lt\u00e4 n\u00e4ytt\u00e4\u00e4 Iida Vainion ulosottorekisteri\n    <\/p>\n<p itemprop=\"description\" class=\"subtitle \">\n    Iida on ollut ulosotossa jo vuodesta 2023.\n<\/p>\n<p>        <\/a><\/p>\n<p class=\"article-content article-content-width !bg-background\">Syd\u00e4n\u00e4\u00e4nii-kappaleen syyskuussa julkaissut Archie n\u00e4htiin my\u00f6s kuluvalla\u00a0Erikoisjoukot-kaudella.<\/p>\n<p class=\"article-content article-content-width !bg-background\">\u2013 Seuraavaks sit jotain ihan muuta! Ehk\u00e4 jonain p\u00e4iv\u00e4n\u00e4 viel\u00e4 paluu suomenkieliseen, Archie tuumii.<\/p>\n<p class=\"article-content article-content-width !bg-background\">Archien loppuvuoteen mahtuu kuitenkin my\u00f6s juhlanaihetta. Rokkarin ja h\u00e4nen puolisonsa, , lapsi t\u00e4ytt\u00e4\u00e4 pian vuoden. Farmi Suomi -ohjelmassa salamarakastunut pariskunta sai esikoistytt\u00e4rens\u00e4 23. joulukuuta.<\/p>\n","protected":false},"excerpt":{"rendered":"Archie Cruz poseerasi Seiskan kuvaajalle Erikoisjoukot-ohjelman lehdist\u00f6tilaisuudessa 20.8. ATTE KAJOVA Archie on pettynyt. Rokkari , eli ,\u00a0nousi julkisuuteen&hellip;\n","protected":false},"author":2,"featured_media":99458,"comment_status":"","ping_status":"","sticky":false,"template":"","format":"standard","meta":{"footnotes":""},"categories":[136],"tags":[2345,15795,407,137,2159,33,31,30,2344,408,13199,9015,32,109],"class_list":{"0":"post-99457","1":"post","2":"type-post","3":"status-publish","4":"format-standard","5":"has-post-thumbnail","7":"category-julkkikset","8":"tag-archie-cruz","9":"tag-arttu-kuosmanen","10":"tag-celebrities","11":"tag-entertainment","12":"tag-erikoisjoukot","13":"tag-fi","14":"tag-finland","15":"tag-finnish","16":"tag-iida-vainio","17":"tag-julkkikset","18":"tag-rokkari","19":"tag-santa-cruz","20":"tag-suomi","21":"tag-viihde"},"share_on_mastodon":{"url":"https:\/\/pubeurope.com\/@fi\/115609609636176105","error":""},"_links":{"self":[{"href":"https:\/\/www.europesays.com\/fi\/wp-json\/wp\/v2\/posts\/99457","targetHints":{"allow":["GET"]}}],"collection":[{"href":"https:\/\/www.europesays.com\/fi\/wp-json\/wp\/v2\/posts"}],"about":[{"href":"https:\/\/www.europesays.com\/fi\/wp-json\/wp\/v2\/types\/post"}],"author":[{"embeddable":true,"href":"https:\/\/www.europesays.com\/fi\/wp-json\/wp\/v2\/users\/2"}],"replies":[{"embeddable":true,"href":"https:\/\/www.europesays.com\/fi\/wp-json\/wp\/v2\/comments?post=99457"}],"version-history":[{"count":0,"href":"https:\/\/www.europesays.com\/fi\/wp-json\/wp\/v2\/posts\/99457\/revisions"}],"wp:featuredmedia":[{"embeddable":true,"href":"https:\/\/www.europesays.com\/fi\/wp-json\/wp\/v2\/media\/99458"}],"wp:attachment":[{"href":"https:\/\/www.europesays.com\/fi\/wp-json\/wp\/v2\/media?parent=99457"}],"wp:term":[{"taxonomy":"category","embeddable":true,"href":"https:\/\/www.europesays.com\/fi\/wp-json\/wp\/v2\/categories?post=99457"},{"taxonomy":"post_tag","embeddable":true,"href":"https:\/\/www.europesays.com\/fi\/wp-json\/wp\/v2\/tags?post=99457"}],"curies":[{"name":"wp","href":"https:\/\/api.w.org\/{rel}","templated":true}]}}