{"id":99471,"date":"2025-11-25T09:34:08","date_gmt":"2025-11-25T09:34:08","guid":{"rendered":"https:\/\/www.europesays.com\/fi\/99471\/"},"modified":"2025-11-25T09:34:08","modified_gmt":"2025-11-25T09:34:08","slug":"ulkoministeri-valtonen-suomi-toivoo-ukrainaan-edes-osittaista-tulitaukoa-uutissuomalainen","status":"publish","type":"post","link":"https:\/\/www.europesays.com\/fi\/99471\/","title":{"rendered":"Ulkoministeri Valtonen: Suomi toivoo Ukrainaan edes osittaista tulitaukoa | Uutissuomalainen"},"content":{"rendered":"<p>Ulkoministeri Elina Valtosen (kok.) mukaan Suomi toivoo, ett\u00e4 Ukrainaan voitaisiin saada t\u00e4ll\u00e4 viikolla aikaan edes osittainen, energiasektoria koskeva tulitauko. Valtosen mukaan Suomi on esitt\u00e4nyt t\u00e4llaisen ajatuksen k\u00e4ynniss\u00e4 olevissa Ukraina-keskusteluissa.<\/p>\n<p>Mahdollisen laajemman rauhanehdotuksen hyv\u00e4ksynt\u00e4\u00e4 Ven\u00e4j\u00e4ll\u00e4 Valtonen pit\u00e4\u00e4 ep\u00e4todenn\u00e4k\u00f6isen\u00e4. Toimittajia tavannut Valtonen muistutti, ett\u00e4 Ven\u00e4j\u00e4 ei ole t\u00e4h\u00e4nk\u00e4\u00e4n saakka viestitt\u00e4nyt mink\u00e4\u00e4nlaista halua luopua tavoitteistaan tai sitoutua edes osittaiseen tulitaukoon.<\/p>\n","protected":false},"excerpt":{"rendered":"Ulkoministeri Elina Valtosen (kok.) mukaan Suomi toivoo, ett\u00e4 Ukrainaan voitaisiin saada t\u00e4ll\u00e4 viikolla aikaan edes osittainen, energiasektoria koskeva&hellip;\n","protected":false},"author":2,"featured_media":99472,"comment_status":"","ping_status":"","sticky":false,"template":"","format":"standard","meta":{"footnotes":""},"categories":[14],"tags":[22,23,26,27,33,31,30,17,70,24,25,28,29,15,18,21,142,637,886,887,32,19,20,549,56,4385,16,59,60,61],"class_list":{"0":"post-99471","1":"post","2":"type-post","3":"status-publish","4":"format-standard","5":"has-post-thumbnail","7":"category-ulkomaat","8":"tag-breaking-news","9":"tag-breakingnews","10":"tag-featured-news","11":"tag-featurednews","12":"tag-fi","13":"tag-finland","14":"tag-finnish","15":"tag-headlines","16":"tag-kansainvalinen-politiikka","17":"tag-latest-news","18":"tag-latestnews","19":"tag-main-news","20":"tag-mainnews","21":"tag-news","22":"tag-otsikot","23":"tag-paauutiset","24":"tag-poliitikot","25":"tag-politiikka","26":"tag-puolueet","27":"tag-suomen-politiikka","28":"tag-suomi","29":"tag-top-stories","30":"tag-topstories","31":"tag-ukrainan-sota","32":"tag-ulkomaat","33":"tag-ulkopolitiikka-ja-kansainvalinen-politiikka","34":"tag-uutiset","35":"tag-world","36":"tag-world-news","37":"tag-worldnews"},"share_on_mastodon":{"url":"https:\/\/pubeurope.com\/@fi\/115609656653755484","error":""},"_links":{"self":[{"href":"https:\/\/www.europesays.com\/fi\/wp-json\/wp\/v2\/posts\/99471","targetHints":{"allow":["GET"]}}],"collection":[{"href":"https:\/\/www.europesays.com\/fi\/wp-json\/wp\/v2\/posts"}],"about":[{"href":"https:\/\/www.europesays.com\/fi\/wp-json\/wp\/v2\/types\/post"}],"author":[{"embeddable":true,"href":"https:\/\/www.europesays.com\/fi\/wp-json\/wp\/v2\/users\/2"}],"replies":[{"embeddable":true,"href":"https:\/\/www.europesays.com\/fi\/wp-json\/wp\/v2\/comments?post=99471"}],"version-history":[{"count":0,"href":"https:\/\/www.europesays.com\/fi\/wp-json\/wp\/v2\/posts\/99471\/revisions"}],"wp:featuredmedia":[{"embeddable":true,"href":"https:\/\/www.europesays.com\/fi\/wp-json\/wp\/v2\/media\/99472"}],"wp:attachment":[{"href":"https:\/\/www.europesays.com\/fi\/wp-json\/wp\/v2\/media?parent=99471"}],"wp:term":[{"taxonomy":"category","embeddable":true,"href":"https:\/\/www.europesays.com\/fi\/wp-json\/wp\/v2\/categories?post=99471"},{"taxonomy":"post_tag","embeddable":true,"href":"https:\/\/www.europesays.com\/fi\/wp-json\/wp\/v2\/tags?post=99471"}],"curies":[{"name":"wp","href":"https:\/\/api.w.org\/{rel}","templated":true}]}}