{"id":99473,"date":"2025-11-25T09:35:10","date_gmt":"2025-11-25T09:35:10","guid":{"rendered":"https:\/\/www.europesays.com\/fi\/99473\/"},"modified":"2025-11-25T09:35:10","modified_gmt":"2025-11-25T09:35:10","slug":"auto-ilmoitti-onnettomuudesta-hatakeskukselle-mies-kuoli-ulosajossa","status":"publish","type":"post","link":"https:\/\/www.europesays.com\/fi\/99473\/","title":{"rendered":"Auto ilmoitti onnettomuudesta h\u00e4t\u00e4keskukselle \u2013 Mies kuoli ulosajossa"},"content":{"rendered":"<p>Tie oli tapahtuma-aikaan j\u00e4inen.<\/p>\n<p><img decoding=\"async\" class=\"image image-show image-preview\" src=\"https:\/\/www.europesays.com\/fi\/wp-content\/uploads\/2025\/11\/a2e9ea4402de9570a38fdede1672d4cf1e93f2703aac097f46fc5b7344a9086a.jpg\" alt=\"\"\/><img decoding=\"async\" class=\"image image-show\" src=\"https:\/\/www.europesays.com\/fi\/wp-content\/uploads\/2025\/11\/1764063310_355_a2e9ea4402de9570a38fdede1672d4cf1e93f2703aac097f46fc5b7344a9086a.jpg\" alt=\"\"\/><\/p>\n<p>Mies kuoli elvytysyrityksist\u00e4 huolimatta. Mostphotos<\/p>\n<p class=\"paragraph\">Mies kuoli ulosajossa maanantain ja tiistain v\u00e4lisen\u00e4 y\u00f6n\u00e4 Kristiinankaupungissa.<\/p>\n<p class=\"paragraph\">H\u00e4t\u00e4keskus sai kello 00.26 henkil\u00f6auton ecall-j\u00e4rjestelm\u00e4lt\u00e4 ilmoituksen onnettomuudesta Porintiell\u00e4 Mets\u00e4l\u00e4n ja Kalltr\u00e4skin v\u00e4lisell\u00e4 tieosuudella.<\/p>\n<p class=\"paragraph\">Auto oli suistunut tielt\u00e4 ja p\u00e4\u00e4tynyt katolleen mets\u00e4\u00e4n. Pelastajat k\u00e4\u00e4nsiv\u00e4t auton py\u00f6rilleen ja irrottivat turvav\u00f6iss\u00e4 olleen elottoman kuljettajan.<\/p>\n<p class=\"paragraph\">Miest\u00e4 yritettiin elvytt\u00e4\u00e4, mutta h\u00e4n kuoli tapahtumapaikalle.<\/p>\n<p class=\"paragraph\">Poliisin mukaan tapahtuma-aikaan pakkasta oli kolme astetta ja tie oli j\u00e4inen.<\/p>\n<p class=\"paragraph\">Poliisi tekee asiassa kuolemansyyntutkinnan.<\/p>\n","protected":false},"excerpt":{"rendered":"Tie oli tapahtuma-aikaan j\u00e4inen. Mies kuoli elvytysyrityksist\u00e4 huolimatta. Mostphotos Mies kuoli ulosajossa maanantain ja tiistain v\u00e4lisen\u00e4 y\u00f6n\u00e4 Kristiinankaupungissa.&hellip;\n","protected":false},"author":2,"featured_media":99474,"comment_status":"","ping_status":"","sticky":false,"template":"","format":"standard","meta":{"footnotes":""},"categories":[12],"tags":[35,22,23,26,27,33,31,30,17,24,25,121,28,29,15,120,18,21,122,54,32,128,19,20,16],"class_list":{"0":"post-99473","1":"post","2":"type-post","3":"status-publish","4":"format-standard","5":"has-post-thumbnail","7":"category-suomi","8":"tag-24h","9":"tag-breaking-news","10":"tag-breakingnews","11":"tag-featured-news","12":"tag-featurednews","13":"tag-fi","14":"tag-finland","15":"tag-finnish","16":"tag-headlines","17":"tag-latest-news","18":"tag-latestnews","19":"tag-liikenne-ja-kuljetus","20":"tag-main-news","21":"tag-mainnews","22":"tag-news","23":"tag-onnettomuustapaus","24":"tag-otsikot","25":"tag-paauutiset","26":"tag-pelastaminen","27":"tag-pelastuspalvelut","28":"tag-suomi","29":"tag-tieliikenne","30":"tag-top-stories","31":"tag-topstories","32":"tag-uutiset"},"share_on_mastodon":{"url":"https:\/\/pubeurope.com\/@fi\/115609660801258629","error":""},"_links":{"self":[{"href":"https:\/\/www.europesays.com\/fi\/wp-json\/wp\/v2\/posts\/99473","targetHints":{"allow":["GET"]}}],"collection":[{"href":"https:\/\/www.europesays.com\/fi\/wp-json\/wp\/v2\/posts"}],"about":[{"href":"https:\/\/www.europesays.com\/fi\/wp-json\/wp\/v2\/types\/post"}],"author":[{"embeddable":true,"href":"https:\/\/www.europesays.com\/fi\/wp-json\/wp\/v2\/users\/2"}],"replies":[{"embeddable":true,"href":"https:\/\/www.europesays.com\/fi\/wp-json\/wp\/v2\/comments?post=99473"}],"version-history":[{"count":0,"href":"https:\/\/www.europesays.com\/fi\/wp-json\/wp\/v2\/posts\/99473\/revisions"}],"wp:featuredmedia":[{"embeddable":true,"href":"https:\/\/www.europesays.com\/fi\/wp-json\/wp\/v2\/media\/99474"}],"wp:attachment":[{"href":"https:\/\/www.europesays.com\/fi\/wp-json\/wp\/v2\/media?parent=99473"}],"wp:term":[{"taxonomy":"category","embeddable":true,"href":"https:\/\/www.europesays.com\/fi\/wp-json\/wp\/v2\/categories?post=99473"},{"taxonomy":"post_tag","embeddable":true,"href":"https:\/\/www.europesays.com\/fi\/wp-json\/wp\/v2\/tags?post=99473"}],"curies":[{"name":"wp","href":"https:\/\/api.w.org\/{rel}","templated":true}]}}