{"id":99492,"date":"2025-11-25T10:01:08","date_gmt":"2025-11-25T10:01:08","guid":{"rendered":"https:\/\/www.europesays.com\/fi\/99492\/"},"modified":"2025-11-25T10:01:08","modified_gmt":"2025-11-25T10:01:08","slug":"kuljettaja-menehtyi-ulosajossa-porintiella-kristiinankaupungissa","status":"publish","type":"post","link":"https:\/\/www.europesays.com\/fi\/99492\/","title":{"rendered":"Kuljettaja menehtyi ulosajossa Porintiell\u00e4 Kristiinankaupungissa"},"content":{"rendered":"<p>Henkil\u00f6auton h\u00e4t\u00e4puheluj\u00e4rjestelm\u00e4 h\u00e4lytti viranomaiset onnettomuuspaikalle.<\/p>\n<p class=\"article-body mb-nof-24 px-nof-16\">Kristiinankaupunki<\/p>\n<p class=\"article-body mb-nof-24 px-nof-16\">Poliisi sai tiistain vastaisena y\u00f6n\u00e4 kello 00.26 h\u00e4t\u00e4keskuksesta tiedon, ett\u00e4 henkil\u00f6auton eCall -j\u00e4rjestelm\u00e4 h\u00e4lytt\u00e4\u00e4 onnettomuudesta Kristiinankaupungissa Porintiell\u00e4 (valtatie 8).<\/p>\n<p class=\"article-body mb-nof-24 px-nof-16\">Poliisin saavuttua onnettomuuspaikalle, Mets\u00e4l\u00e4n ja Kalltr\u00e4skin v\u00e4liselle tieosuudelle, oli siell\u00e4 jo useita pelastuslaitoksen yksik\u00f6it\u00e4.<\/p>\n<p class=\"article-body mb-nof-24 px-nof-16\">Kalltr\u00e4sk sijaitsee l\u00e4hell\u00e4 Pohjanmaan ja Satakunnan maakuntarajaa.<\/p>\n<p class=\"article-body mb-nof-24 px-nof-16\">Poliisi totesi tapahtumapaikalla, ett\u00e4 henkil\u00f6auto oli suistunut tielt\u00e4 ja auto oli p\u00e4\u00e4tynyt katolleen mets\u00e4n puolelle.<\/p>\n<p class=\"article-body mb-nof-24 px-nof-16\">Pelastajat olivat k\u00e4\u00e4nt\u00e4neet auton py\u00f6rilleen ja irrottaneet turvav\u00f6iss\u00e4 kiinni olleen elottoman kuljettajan. Elvytysyrityksist\u00e4 huolimatta autoa kuljettanut mies menehtyi tapahtumapaikalle.<\/p>\n<p class=\"article-body mb-nof-24 px-nof-16\">Tie oli j\u00e4inen ja l\u00e4mp\u00f6tila oli -3 astetta.<\/p>\n","protected":false},"excerpt":{"rendered":"Henkil\u00f6auton h\u00e4t\u00e4puheluj\u00e4rjestelm\u00e4 h\u00e4lytti viranomaiset onnettomuuspaikalle. Kristiinankaupunki Poliisi sai tiistain vastaisena y\u00f6n\u00e4 kello 00.26 h\u00e4t\u00e4keskuksesta tiedon, ett\u00e4 henkil\u00f6auton eCall&hellip;\n","protected":false},"author":2,"featured_media":99493,"comment_status":"","ping_status":"","sticky":false,"template":"","format":"standard","meta":{"footnotes":""},"categories":[12],"tags":[22,23,26,27,33,31,30,17,24,25,28,29,15,18,21,80,32,19,20,16],"class_list":{"0":"post-99492","1":"post","2":"type-post","3":"status-publish","4":"format-standard","5":"has-post-thumbnail","7":"category-suomi","8":"tag-breaking-news","9":"tag-breakingnews","10":"tag-featured-news","11":"tag-featurednews","12":"tag-fi","13":"tag-finland","14":"tag-finnish","15":"tag-headlines","16":"tag-latest-news","17":"tag-latestnews","18":"tag-main-news","19":"tag-mainnews","20":"tag-news","21":"tag-otsikot","22":"tag-paauutiset","23":"tag-satakunnan-kansa","24":"tag-suomi","25":"tag-top-stories","26":"tag-topstories","27":"tag-uutiset"},"share_on_mastodon":{"url":"https:\/\/pubeurope.com\/@fi\/115609762866284266","error":""},"_links":{"self":[{"href":"https:\/\/www.europesays.com\/fi\/wp-json\/wp\/v2\/posts\/99492","targetHints":{"allow":["GET"]}}],"collection":[{"href":"https:\/\/www.europesays.com\/fi\/wp-json\/wp\/v2\/posts"}],"about":[{"href":"https:\/\/www.europesays.com\/fi\/wp-json\/wp\/v2\/types\/post"}],"author":[{"embeddable":true,"href":"https:\/\/www.europesays.com\/fi\/wp-json\/wp\/v2\/users\/2"}],"replies":[{"embeddable":true,"href":"https:\/\/www.europesays.com\/fi\/wp-json\/wp\/v2\/comments?post=99492"}],"version-history":[{"count":0,"href":"https:\/\/www.europesays.com\/fi\/wp-json\/wp\/v2\/posts\/99492\/revisions"}],"wp:featuredmedia":[{"embeddable":true,"href":"https:\/\/www.europesays.com\/fi\/wp-json\/wp\/v2\/media\/99493"}],"wp:attachment":[{"href":"https:\/\/www.europesays.com\/fi\/wp-json\/wp\/v2\/media?parent=99492"}],"wp:term":[{"taxonomy":"category","embeddable":true,"href":"https:\/\/www.europesays.com\/fi\/wp-json\/wp\/v2\/categories?post=99492"},{"taxonomy":"post_tag","embeddable":true,"href":"https:\/\/www.europesays.com\/fi\/wp-json\/wp\/v2\/tags?post=99492"}],"curies":[{"name":"wp","href":"https:\/\/api.w.org\/{rel}","templated":true}]}}