{"id":99496,"date":"2025-11-25T10:14:10","date_gmt":"2025-11-25T10:14:10","guid":{"rendered":"https:\/\/www.europesays.com\/fi\/99496\/"},"modified":"2025-11-25T10:14:10","modified_gmt":"2025-11-25T10:14:10","slug":"anni-ihamaki-kertoo-miksi-luopui-huvilan-ja-huussin-juontamisesta","status":"publish","type":"post","link":"https:\/\/www.europesays.com\/fi\/99496\/","title":{"rendered":"Anni Iham\u00e4ki kertoo, miksi luopui Huvilan ja huussin juontamisesta"},"content":{"rendered":"<p>Huvila &amp; huussin j\u00e4tt\u00e4v\u00e4 Anni Iham\u00e4ki valitsi kuunnella syd\u00e4nt\u00e4\u00e4n.<\/p>\n<p class=\"article-body mb-nof-24 px-nof-16\">Viime kes\u00e4n\u00e4 juontaja <a class=\"article-personlink\" href=\"https:\/\/www.is.fi\/haku\/?query=Anni%20Iham%C3%A4ki\" rel=\"nofollow noopener\" target=\"_blank\">Anni Iham\u00e4ki<\/a>, 43, sai viett\u00e4\u00e4 pitk\u00e4st\u00e4 aikaa kunnon kes\u00e4loman. Edellisest\u00e4 pidemm\u00e4st\u00e4 lomasta oli vier\u00e4ht\u00e4nyt jo useampia vuosia, sill\u00e4 monet kes\u00e4t olivat kuluneet tv-ohjelmien kuvauksissa.<\/p>\n<p class=\"article-body mb-nof-24 px-nof-16\">T\u00e4m\u00e4n vuoden kes\u00e4loman mahdollisti se, ett\u00e4 Iham\u00e4ki luopui Huvila &amp; huussi -ohjelman juontajan ty\u00f6st\u00e4.<\/p>\n<p class=\"article-body mb-nof-24 px-nof-16\">\u2013 Huvila &amp; huussin juontaminen p\u00e4\u00e4ttyi, koska valitsin menn\u00e4 kohti unelmaprojektiani Kokkisotaa, Iham\u00e4ki kertoo Ilta-Sanomille.<\/p>\n<p class=\"article-body mb-nof-24 px-nof-16\">Samalla p\u00e4\u00e4ttyi my\u00f6s pitk\u00e4 ura Nelosen ohjelmissa. Iham\u00e4ki joutui miettim\u00e4\u00e4n, j\u00e4tt\u00e4isik\u00f6 pitk\u00e4\u00e4n kest\u00e4neen yhteisty\u00f6n ja hypp\u00e4isik\u00f6 uuteen. P\u00e4\u00e4t\u00f6s oli lopulta selke\u00e4.<\/p>\n<p class=\"article-body mb-nof-24 px-nof-16\">Syd\u00e4n kutsui.<\/p>\n<p class=\"article-body mb-nof-24 px-nof-16\">\u2013 Kokkisodassa tunnen olevani enemm\u00e4n kotona kuin miss\u00e4\u00e4n ohjelmassa. En olisi voinut olla tarttumatta t\u00e4h\u00e4n.<\/p>\n<p class=\"article-body mb-nof-24 px-nof-16\">Iham\u00e4ki juonsi Huvila &amp; huussin kaksi edellist\u00e4 kautta. Nyt ohjelman puikkoihin hypp\u00e4\u00e4 <a class=\"article-personlink\" href=\"https:\/\/www.is.fi\/haku\/?query=Marja%20Hintikka\" rel=\"nofollow noopener\" target=\"_blank\">Marja Hintikka<\/a>.<\/p>\n<p><img decoding=\"async\" src=\"https:\/\/www.europesays.com\/fi\/wp-content\/uploads\/2025\/11\/1764065650_879_468.jpg\" alt=\"Marja Hintikka n\u00e4hd\u00e4\u00e4n jatkossa Huvila &amp; huussin juontajana.\" class=\"_Img_1rerz_1\" style=\"aspect-ratio:0.6458333333333334\" loading=\"eager\"\/><\/p>\n<p class=\"article-picture-caption\">Marja Hintikka n\u00e4hd\u00e4\u00e4n jatkossa Huvila &amp; huussin juontajana. Kuva:\u00a0Jonna \u00d6hrnberg<\/p>\n<p class=\"article-body mb-nof-24 px-nof-16\">Tulevalla kaudella Huvila &amp; huussi -kohteiden m\u00f6kkien sis\u00e4muutoksia luovat sisustusarkkitehti <a class=\"article-personlink\" href=\"https:\/\/www.is.fi\/haku\/?query=Mikko%20Vesanen\" rel=\"nofollow noopener\" target=\"_blank\">Mikko Vesanen<\/a> ja sisustussuunnittelija <a class=\"article-personlink\" href=\"https:\/\/www.is.fi\/haku\/?query=Maru%20Hautala\" rel=\"nofollow noopener\" target=\"_blank\">Maru Hautala<\/a>. Remontteja toteuttaa <a class=\"article-personlink\" href=\"https:\/\/www.is.fi\/haku\/?query=Ville%20Rintala\" rel=\"nofollow noopener\" target=\"_blank\">Ville Rintala<\/a>.<\/p>\n<p class=\"article-body mb-nof-24 px-nof-16\">Pihakohteiden muutosten suunnittelusta puolestaan vastaavat <a class=\"article-personlink\" href=\"https:\/\/www.is.fi\/haku\/?query=Laura%20Moilanen\" rel=\"nofollow noopener\" target=\"_blank\">Laura Moilanen<\/a> ja <a class=\"article-personlink\" href=\"https:\/\/www.is.fi\/haku\/?query=Christina%20Walden\" rel=\"nofollow noopener\" target=\"_blank\">Christina Walden<\/a>. Piharemonteista taas vastaavat <a class=\"article-personlink\" href=\"https:\/\/www.is.fi\/haku\/?query=Mika%20Roos\" rel=\"nofollow noopener\" target=\"_blank\">Mika Roos<\/a> ja <a class=\"article-personlink\" href=\"https:\/\/www.is.fi\/haku\/?query=Sanna%20Moilanen\" rel=\"nofollow noopener\" target=\"_blank\">Sanna Moilanen<\/a>.<\/p>\n<p class=\"article-body nof-ui-body-medium mb-nof-24 px-nof-16\">IS ja Huvila &amp; huussia esitt\u00e4v\u00e4 Nelonen kuuluvat Sanoma-konserniin.<\/p>\n","protected":false},"excerpt":{"rendered":"Huvila &amp; huussin j\u00e4tt\u00e4v\u00e4 Anni Iham\u00e4ki valitsi kuunnella syd\u00e4nt\u00e4\u00e4n. Viime kes\u00e4n\u00e4 juontaja Anni Iham\u00e4ki, 43, sai viett\u00e4\u00e4 pitk\u00e4st\u00e4&hellip;\n","protected":false},"author":2,"featured_media":99497,"comment_status":"","ping_status":"","sticky":false,"template":"","format":"standard","meta":{"footnotes":""},"categories":[136],"tags":[407,137,33,31,30,34,408,32,109],"class_list":{"0":"post-99496","1":"post","2":"type-post","3":"status-publish","4":"format-standard","5":"has-post-thumbnail","7":"category-julkkikset","8":"tag-celebrities","9":"tag-entertainment","10":"tag-fi","11":"tag-finland","12":"tag-finnish","13":"tag-ilta-sanomat","14":"tag-julkkikset","15":"tag-suomi","16":"tag-viihde"},"share_on_mastodon":{"url":"https:\/\/pubeurope.com\/@fi\/115609814047270147","error":""},"_links":{"self":[{"href":"https:\/\/www.europesays.com\/fi\/wp-json\/wp\/v2\/posts\/99496","targetHints":{"allow":["GET"]}}],"collection":[{"href":"https:\/\/www.europesays.com\/fi\/wp-json\/wp\/v2\/posts"}],"about":[{"href":"https:\/\/www.europesays.com\/fi\/wp-json\/wp\/v2\/types\/post"}],"author":[{"embeddable":true,"href":"https:\/\/www.europesays.com\/fi\/wp-json\/wp\/v2\/users\/2"}],"replies":[{"embeddable":true,"href":"https:\/\/www.europesays.com\/fi\/wp-json\/wp\/v2\/comments?post=99496"}],"version-history":[{"count":0,"href":"https:\/\/www.europesays.com\/fi\/wp-json\/wp\/v2\/posts\/99496\/revisions"}],"wp:featuredmedia":[{"embeddable":true,"href":"https:\/\/www.europesays.com\/fi\/wp-json\/wp\/v2\/media\/99497"}],"wp:attachment":[{"href":"https:\/\/www.europesays.com\/fi\/wp-json\/wp\/v2\/media?parent=99496"}],"wp:term":[{"taxonomy":"category","embeddable":true,"href":"https:\/\/www.europesays.com\/fi\/wp-json\/wp\/v2\/categories?post=99496"},{"taxonomy":"post_tag","embeddable":true,"href":"https:\/\/www.europesays.com\/fi\/wp-json\/wp\/v2\/tags?post=99496"}],"curies":[{"name":"wp","href":"https:\/\/api.w.org\/{rel}","templated":true}]}}