{"id":9954,"date":"2025-08-19T06:57:08","date_gmt":"2025-08-19T06:57:08","guid":{"rendered":"https:\/\/www.europesays.com\/fi\/9954\/"},"modified":"2025-08-19T06:57:08","modified_gmt":"2025-08-19T06:57:08","slug":"italian-ventinan-laskettelurinteet-sulavat-niin-nopeasti-etta-aluetta-voidaan-tutkia-vain-etaalta-uutisia-lyhyesti","status":"publish","type":"post","link":"https:\/\/www.europesays.com\/fi\/9954\/","title":{"rendered":"Italian Ventinan laskettelurinteet sulavat niin nopeasti, ett\u00e4 aluetta voidaan tutkia vain et\u00e4\u00e4lt\u00e4 | Uutisia lyhyesti"},"content":{"rendered":"<p class=\"sc-jYczwO sc-dNFkOE bUKqJd eiHPxO yle__article__paragraph\">Tutkimuksissa on otettu k\u00e4ytt\u00f6\u00f6n drooneja, joilla voidaan tarkkailla ilmasta j\u00e4\u00e4tik\u00f6n sulamisvauhtia.<\/p>\n<p><img decoding=\"async\" alt=\"Kuvassa Ventinan j\u00e4\u00e4tikk\u00f6 ja laakso.\" src=\"https:\/\/www.europesays.com\/fi\/wp-content\/uploads\/2025\/08\/39-150906868a4128668bf3.jpeg\" class=\"sc-dntSTA iywpZY\"\/><\/p>\n<p>Avaa kuvien katselu<\/p>\n<p>Lombardian j\u00e4\u00e4tutkimuspalvelun edustaja Andrea Toffaletti arvioi, ettei sulamista ei voi en\u00e4\u00e4 lukea normaalin vaihtelun piiriin. Kuva on vuodelta 2022. Kuva: AOP<\/p>\n<p class=\"sc-jYczwO sc-ciCoXh bUKqJd cIOueB yle__article__paragraph\">Italian Ventinan j\u00e4\u00e4tikk\u00f6iset rinteet ovat pohjoisen Lombardian suosituimpia laskettelukohteita.<\/p>\n<p class=\"sc-jYczwO sc-ciCoXh bUKqJd cIOueB yle__article__paragraph\">Hiihtokeskuksen lumet sulavat nyt geologeja h\u00e4mment\u00e4v\u00e4ll\u00e4 vauhdilla. Tutkijat eiv\u00e4t voi k\u00e4ytt\u00e4\u00e4 130 vuotta k\u00e4yt\u00f6ss\u00e4 olleita havainnointikeinoja lumien nopean sulamisen vuoksi.<\/p>\n<p class=\"sc-jYczwO sc-ciCoXh bUKqJd cIOueB yle__article__paragraph\">Esimerkiksi vuoren maamassojen liikkeit\u00e4 on tarkkailtu yksinkertaisilla mittakepeill\u00e4. Kepit ovat hautautuneet maamassojen alle, koska maasto on liian ep\u00e4vakaata tutkimusryhmien vierailuille.<\/p>\n<p class=\"sc-jYczwO sc-ciCoXh bUKqJd cIOueB yle__article__paragraph\">Tutkimuksissa on otettu k\u00e4ytt\u00f6\u00f6n drooneja, joilla voidaan tarkkailla ilmasta j\u00e4\u00e4tik\u00f6n sulamisvauhtia.<\/p>\n<p class=\"sc-jYczwO sc-ciCoXh bUKqJd cIOueB yle__article__paragraph\">Geologien mukaan j\u00e4\u00e4tikk\u00f6 on kutistunut 1,7 kilometri\u00e4 vuodesta 1895. Sulamistahti on kymmeness\u00e4 vuodessa kiihtynyt. J\u00e4\u00e4t\u00e4 on h\u00e4vinnyt 431 metri\u00e4 vuosikymmeness\u00e4.<\/p>\n<p class=\"sc-jYczwO sc-ciCoXh bUKqJd cIOueB yle__article__paragraph\">Lombardian j\u00e4\u00e4tutkimuspalvelun edustaja <strong class=\"sc-eEHciv gtNhAX yle__article__strong\">Andrea Toffaletti<\/strong> arvioi, ettei sulamista ei voi en\u00e4\u00e4 lukea normaalin vaihtelun piiriin.<\/p>\n<p class=\"sc-jYczwO sc-ciCoXh bUKqJd cIOueB yle__article__paragraph\">Italian Alppien ja Dolomiittien j\u00e4\u00e4tik\u00f6t ovat kutistuneet leutojen talvien ja kuumien kesien vuoksi. Lumi ei kuitenkaan en\u00e4\u00e4 pysy vuoren rinteill\u00e4 j\u00e4\u00e4tikk\u00f6jen suojana.<\/p>\n<p class=\"sc-jYczwO sc-ciCoXh bUKqJd cIOueB yle__article__paragraph\">Lombardialaistutkijoiden mukaan 64 prosenttia Alppien j\u00e4\u00e4tik\u00f6ist\u00e4 on huvennut.<\/p>\n","protected":false},"excerpt":{"rendered":"Tutkimuksissa on otettu k\u00e4ytt\u00f6\u00f6n drooneja, joilla voidaan tarkkailla ilmasta j\u00e4\u00e4tik\u00f6n sulamisvauhtia. Avaa kuvien katselu Lombardian j\u00e4\u00e4tutkimuspalvelun edustaja Andrea&hellip;\n","protected":false},"author":2,"featured_media":9955,"comment_status":"","ping_status":"","sticky":false,"template":"","format":"standard","meta":{"footnotes":""},"categories":[14],"tags":[2888,22,23,26,27,33,31,30,17,1096,4619,24,25,28,29,15,18,21,32,19,20,56,16,59,60,61],"class_list":{"0":"post-9954","1":"post","2":"type-post","3":"status-publish","4":"format-standard","5":"has-post-thumbnail","7":"category-ulkomaat","8":"tag-alpit","9":"tag-breaking-news","10":"tag-breakingnews","11":"tag-featured-news","12":"tag-featurednews","13":"tag-fi","14":"tag-finland","15":"tag-finnish","16":"tag-headlines","17":"tag-ilmasto","18":"tag-jaatikoiden-sulaminen","19":"tag-latest-news","20":"tag-latestnews","21":"tag-main-news","22":"tag-mainnews","23":"tag-news","24":"tag-otsikot","25":"tag-paauutiset","26":"tag-suomi","27":"tag-top-stories","28":"tag-topstories","29":"tag-ulkomaat","30":"tag-uutiset","31":"tag-world","32":"tag-world-news","33":"tag-worldnews"},"share_on_mastodon":{"url":"","error":""},"_links":{"self":[{"href":"https:\/\/www.europesays.com\/fi\/wp-json\/wp\/v2\/posts\/9954","targetHints":{"allow":["GET"]}}],"collection":[{"href":"https:\/\/www.europesays.com\/fi\/wp-json\/wp\/v2\/posts"}],"about":[{"href":"https:\/\/www.europesays.com\/fi\/wp-json\/wp\/v2\/types\/post"}],"author":[{"embeddable":true,"href":"https:\/\/www.europesays.com\/fi\/wp-json\/wp\/v2\/users\/2"}],"replies":[{"embeddable":true,"href":"https:\/\/www.europesays.com\/fi\/wp-json\/wp\/v2\/comments?post=9954"}],"version-history":[{"count":0,"href":"https:\/\/www.europesays.com\/fi\/wp-json\/wp\/v2\/posts\/9954\/revisions"}],"wp:featuredmedia":[{"embeddable":true,"href":"https:\/\/www.europesays.com\/fi\/wp-json\/wp\/v2\/media\/9955"}],"wp:attachment":[{"href":"https:\/\/www.europesays.com\/fi\/wp-json\/wp\/v2\/media?parent=9954"}],"wp:term":[{"taxonomy":"category","embeddable":true,"href":"https:\/\/www.europesays.com\/fi\/wp-json\/wp\/v2\/categories?post=9954"},{"taxonomy":"post_tag","embeddable":true,"href":"https:\/\/www.europesays.com\/fi\/wp-json\/wp\/v2\/tags?post=9954"}],"curies":[{"name":"wp","href":"https:\/\/api.w.org\/{rel}","templated":true}]}}