{"id":99594,"date":"2025-11-25T12:11:08","date_gmt":"2025-11-25T12:11:08","guid":{"rendered":"https:\/\/www.europesays.com\/fi\/99594\/"},"modified":"2025-11-25T12:11:08","modified_gmt":"2025-11-25T12:11:08","slug":"kemijarvella-2004-tuttavansa-murhannut-mies-vapautuu-vankeudesta","status":"publish","type":"post","link":"https:\/\/www.europesays.com\/fi\/99594\/","title":{"rendered":"Kemij\u00e4rvell\u00e4 2004 tuttavansa murhannut mies vapautuu vankeudesta"},"content":{"rendered":"<p>L\u00e4hes 21 vuotta vankilassa istunut murhamies p\u00e4\u00e4see kev\u00e4\u00e4ll\u00e4 vapauteen.<\/p>\n<p class=\"article-body mb-nof-24 px-nof-16\">Katkaistulla haulikolla tuttavansa Kemij\u00e4rvell\u00e4 marraskuussa 2004 murhannut mies p\u00e4\u00e4see ehdonalaiseen vapauteen ensi vuoden helmikuussa, Helsingin hovioikeus p\u00e4\u00e4tti tiistaina.<\/p>\n<p class=\"article-body mb-nof-24 px-nof-16\">Hovioikeus perusteli miehen vapauttamista elinkautisesta vankeudesta t\u00e4m\u00e4n erityisen pitk\u00e4ll\u00e4 vankeusajalla. Rikosseuraamuslaitos puolsi my\u00f6s miehen vapauttamista.<\/p>\n<p class=\"article-body mb-nof-24 px-nof-16\">Vapautuessaan mies on istunut vankilassa reilut 21 vuotta ja 2 kuukautta. Keskim\u00e4\u00e4rin elinkautista vankeutta istutaan noin 14 vuotta ja 9 kuukautta.<\/p>\n<p class=\"article-body mb-nof-24 px-nof-16\">Hovioikeuden n\u00e4kemyksen mukaan ei ole my\u00f6sk\u00e4\u00e4n en\u00e4\u00e4 ilmeist\u00e4 vaaraa siit\u00e4, ett\u00e4 mies syyllistyisi vapauduttuaan henke\u00e4, terveytt\u00e4 tai vapautta t\u00f6rke\u00e4sti loukkaavaan rikokseen. Hovioikeus ei siten pid\u00e4 miest\u00e4 en\u00e4\u00e4 erityisen vaarallisena.<\/p>\n<p class=\"article-body mb-nof-24 px-nof-16\">Aiemmin hovioikeudella oli t\u00e4st\u00e4 eri n\u00e4kemys.<\/p>\n<p class=\"article-body mb-nof-24 px-nof-16\">Hovioikeus k\u00e4sitteli miehen vapautushakemusta aiemmin kolme vuotta sitten ja torppasi t\u00e4m\u00e4n vapautumishaaveet vaarallisuuden takia.<\/p>\n<p class=\"article-body mb-nof-24 px-nof-16\">Mies on t\u00e4t\u00e4 nyky\u00e4 43-vuotias.<\/p>\n<p class=\"article-body mb-nof-24 px-nof-16\">H\u00e4n mies murhasi entuudestaan tuntemansa miehen ampumalla t\u00e4t\u00e4 kahdesti l\u00e4hiet\u00e4isyydelt\u00e4 selk\u00e4\u00e4n Kemij\u00e4rvell\u00e4 21.11.2004. Lopuksi mies l\u00f6i uhria aseella otsaan.<\/p>\n<p class=\"article-body mb-nof-24 px-nof-16\">Tekop\u00e4iv\u00e4st\u00e4 l\u00e4htien mies on ollut vapautensa menett\u00e4neen\u00e4. H\u00e4n on vankeusaikanaan syyllistynyt useisiin rikoksiin, kuten pahoinpitelyihin.<\/p>\n<p class=\"article-body mb-nof-24 px-nof-16\">Miehen tarkka vapautumisp\u00e4iv\u00e4 on 18. helmikuuta 2026.<\/p>\n","protected":false},"excerpt":{"rendered":"L\u00e4hes 21 vuotta vankilassa istunut murhamies p\u00e4\u00e4see kev\u00e4\u00e4ll\u00e4 vapauteen. Katkaistulla haulikolla tuttavansa Kemij\u00e4rvell\u00e4 marraskuussa 2004 murhannut mies p\u00e4\u00e4see&hellip;\n","protected":false},"author":2,"featured_media":99595,"comment_status":"","ping_status":"","sticky":false,"template":"","format":"standard","meta":{"footnotes":""},"categories":[12],"tags":[22,23,26,27,33,31,30,17,34,24,25,28,29,15,18,21,32,19,20,16],"class_list":{"0":"post-99594","1":"post","2":"type-post","3":"status-publish","4":"format-standard","5":"has-post-thumbnail","7":"category-suomi","8":"tag-breaking-news","9":"tag-breakingnews","10":"tag-featured-news","11":"tag-featurednews","12":"tag-fi","13":"tag-finland","14":"tag-finnish","15":"tag-headlines","16":"tag-ilta-sanomat","17":"tag-latest-news","18":"tag-latestnews","19":"tag-main-news","20":"tag-mainnews","21":"tag-news","22":"tag-otsikot","23":"tag-paauutiset","24":"tag-suomi","25":"tag-top-stories","26":"tag-topstories","27":"tag-uutiset"},"share_on_mastodon":{"url":"https:\/\/pubeurope.com\/@fi\/115610274100803453","error":""},"_links":{"self":[{"href":"https:\/\/www.europesays.com\/fi\/wp-json\/wp\/v2\/posts\/99594","targetHints":{"allow":["GET"]}}],"collection":[{"href":"https:\/\/www.europesays.com\/fi\/wp-json\/wp\/v2\/posts"}],"about":[{"href":"https:\/\/www.europesays.com\/fi\/wp-json\/wp\/v2\/types\/post"}],"author":[{"embeddable":true,"href":"https:\/\/www.europesays.com\/fi\/wp-json\/wp\/v2\/users\/2"}],"replies":[{"embeddable":true,"href":"https:\/\/www.europesays.com\/fi\/wp-json\/wp\/v2\/comments?post=99594"}],"version-history":[{"count":0,"href":"https:\/\/www.europesays.com\/fi\/wp-json\/wp\/v2\/posts\/99594\/revisions"}],"wp:featuredmedia":[{"embeddable":true,"href":"https:\/\/www.europesays.com\/fi\/wp-json\/wp\/v2\/media\/99595"}],"wp:attachment":[{"href":"https:\/\/www.europesays.com\/fi\/wp-json\/wp\/v2\/media?parent=99594"}],"wp:term":[{"taxonomy":"category","embeddable":true,"href":"https:\/\/www.europesays.com\/fi\/wp-json\/wp\/v2\/categories?post=99594"},{"taxonomy":"post_tag","embeddable":true,"href":"https:\/\/www.europesays.com\/fi\/wp-json\/wp\/v2\/tags?post=99594"}],"curies":[{"name":"wp","href":"https:\/\/api.w.org\/{rel}","templated":true}]}}