{"id":99606,"date":"2025-11-25T12:36:08","date_gmt":"2025-11-25T12:36:08","guid":{"rendered":"https:\/\/www.europesays.com\/fi\/99606\/"},"modified":"2025-11-25T12:36:08","modified_gmt":"2025-11-25T12:36:08","slug":"nokia-poistuu-pariisin-porssista-uutisia-lyhyesti","status":"publish","type":"post","link":"https:\/\/www.europesays.com\/fi\/99606\/","title":{"rendered":"Nokia poistuu Pariisin p\u00f6rssist\u00e4 | Uutisia lyhyesti"},"content":{"rendered":"<p class=\"aw-1gybjub aw-1p7kakr kEtdKx cEmitX yle__article__paragraph\">Verkkolaiteyhti\u00f6 Nokia poistuu Pariisin p\u00f6rssist\u00e4 31. joulukuuta 2025, kertoo yhti\u00f6 <a class=\"aw-iao6s4 iHOxEa yle__article__link\" href=\"https:\/\/www.nokia.com\/newsroom\/fi-fi\/nokia-julkistaa-osakkeidensa-poistamisen-pariisin-p%C3%B6rssist%C3%A4\/\" role=\"link\" rel=\"nofollow noopener\" target=\"_blank\">tiedotteessa<\/a>.<\/p>\n<p class=\"aw-1gybjub aw-1p7kakr kEtdKx cEmitX yle__article__paragraph\">Nokian osakkeet listattiin Pariisin p\u00f6rssiin vuonna 2015 Alcatel-Lucentin hankinnan yhteydess\u00e4, koska osakkeenomistajille haluttiin taata kaupank\u00e4ynnin jatkuvuus Ranskassa.<\/p>\n<p class=\"aw-1gybjub aw-1p7kakr kEtdKx cEmitX yle__article__paragraph\">P\u00e4\u00e4t\u00f6s osakkeiden poistamisesta listalta perustuu kaupank\u00e4yntivolyymeihin, kustannuksiin ja hallinnollisiin vaatimuksiin, jotka liittyv\u00e4t osakkeiden listaukseen Euronext Pariisissa.<\/p>\n<p class=\"aw-1gybjub aw-1p7kakr kEtdKx cEmitX yle__article__paragraph\">Osakkeiden poistaminen listalta ei vaikuta Nokian p\u00e4ivitt\u00e4iseen toimintaan Ranskassa, eik\u00e4 Nokian osakkeiden listaukseen Nasdaq Helsingiss\u00e4 tai New Yorkin p\u00f6rssiss\u00e4.<\/p>\n","protected":false},"excerpt":{"rendered":"Verkkolaiteyhti\u00f6 Nokia poistuu Pariisin p\u00f6rssist\u00e4 31. joulukuuta 2025, kertoo yhti\u00f6 tiedotteessa. Nokian osakkeet listattiin Pariisin p\u00f6rssiin vuonna 2015&hellip;\n","protected":false},"author":2,"featured_media":99607,"comment_status":"","ping_status":"","sticky":false,"template":"","format":"standard","meta":{"footnotes":""},"categories":[76],"tags":[79,77,33,31,30,71,4262,19192,32,78],"class_list":{"0":"post-99606","1":"post","2":"type-post","3":"status-publish","4":"format-standard","5":"has-post-thumbnail","7":"category-talous","8":"tag-business","9":"tag-economy","10":"tag-fi","11":"tag-finland","12":"tag-finnish","13":"tag-kotimaa","14":"tag-nokia-oyj","15":"tag-pariisin-porssi","16":"tag-suomi","17":"tag-talous"},"share_on_mastodon":{"url":"https:\/\/pubeurope.com\/@fi\/115610372307560597","error":""},"_links":{"self":[{"href":"https:\/\/www.europesays.com\/fi\/wp-json\/wp\/v2\/posts\/99606","targetHints":{"allow":["GET"]}}],"collection":[{"href":"https:\/\/www.europesays.com\/fi\/wp-json\/wp\/v2\/posts"}],"about":[{"href":"https:\/\/www.europesays.com\/fi\/wp-json\/wp\/v2\/types\/post"}],"author":[{"embeddable":true,"href":"https:\/\/www.europesays.com\/fi\/wp-json\/wp\/v2\/users\/2"}],"replies":[{"embeddable":true,"href":"https:\/\/www.europesays.com\/fi\/wp-json\/wp\/v2\/comments?post=99606"}],"version-history":[{"count":0,"href":"https:\/\/www.europesays.com\/fi\/wp-json\/wp\/v2\/posts\/99606\/revisions"}],"wp:featuredmedia":[{"embeddable":true,"href":"https:\/\/www.europesays.com\/fi\/wp-json\/wp\/v2\/media\/99607"}],"wp:attachment":[{"href":"https:\/\/www.europesays.com\/fi\/wp-json\/wp\/v2\/media?parent=99606"}],"wp:term":[{"taxonomy":"category","embeddable":true,"href":"https:\/\/www.europesays.com\/fi\/wp-json\/wp\/v2\/categories?post=99606"},{"taxonomy":"post_tag","embeddable":true,"href":"https:\/\/www.europesays.com\/fi\/wp-json\/wp\/v2\/tags?post=99606"}],"curies":[{"name":"wp","href":"https:\/\/api.w.org\/{rel}","templated":true}]}}