{"id":99610,"date":"2025-11-25T12:38:09","date_gmt":"2025-11-25T12:38:09","guid":{"rendered":"https:\/\/www.europesays.com\/fi\/99610\/"},"modified":"2025-11-25T12:38:09","modified_gmt":"2025-11-25T12:38:09","slug":"oulun-yliopiston-raju-ratkaisu-nykyisista-tiloista-luovutaan-ja-edessa-on-jattimuutto-lahemmas-keskustaa-kotimaa","status":"publish","type":"post","link":"https:\/\/www.europesays.com\/fi\/99610\/","title":{"rendered":"Oulun yliopiston raju ratkaisu: nykyisist\u00e4 tiloista luovutaan ja edess\u00e4 on j\u00e4ttimuutto l\u00e4hemm\u00e4s keskustaa | Kotimaa"},"content":{"rendered":"<p class=\"aw-1gybjub aw-5vja16 kEtdKx kmuxyA yle__article__paragraph\">Oulun yliopiston hallitus k\u00e4sitteli tiistaina kolmea vaihtoehtoa tulevaisuuden tilaratkaisuksi. Parhaaksi vaihtoehdoksi arvioitiin Kontinkankaalle rakennettava uusi iso kampus.<\/p>\n<p><img decoding=\"async\" alt=\"Oulun yliopisto\" src=\"https:\/\/www.europesays.com\/fi\/wp-content\/uploads\/2025\/11\/39-7126065f47a3285f4fb.jpeg\" class=\"aw-1l9m598 hKVVvP\"\/><\/p>\n<p>Avaa kuvien katselu<\/p>\n<p>Oulun yliopisto luopuu Linnanmaan nykyisist\u00e4 tiloista ja keskitt\u00e4\u00e4 toiminnot Kontinkankaan uudelle kampukselle. Kuva: Paulus Markkula \/ Yle<\/p>\n<p>14:06\u2022P\u00e4ivitetty 14:37<\/p>\n<p class=\"aw-1gybjub aw-1p7kakr kEtdKx cEmitX yle__article__paragraph\">Oulun yliopisto teki tiistaina vuosia odotetun p\u00e4\u00e4t\u00f6ksen tulevaisuuden tilaratkaisusta. Yliopisto l\u00e4htee valmistelemaan j\u00e4ttimuuttoa l\u00e4hemm\u00e4s keskustaa.<\/p>\n<p class=\"aw-1gybjub aw-1p7kakr kEtdKx cEmitX yle__article__paragraph\">Kolmesta vaihtoehdosta hallitus valitsi Kontinkankaan yhden kampuksen mallin. Sen mukaan yliopisto luopuu nykyisist\u00e4 Linnanmaan tiloista, joissa olisi pit\u00e4nyt tehd\u00e4 iso peruskorjaus ja karsia tiloja. T\u00e4ll\u00e4 hetkell\u00e4 Kontinkankaalla toimii jo yliopiston l\u00e4\u00e4ketieteellinen tiedekunta.<\/p>\n<p class=\"aw-1gybjub aw-1p7kakr kEtdKx cEmitX yle__article__paragraph\">Kontinkankaalle yliopistosairaalan tuntumaan rakennetaan kokonaan uusi kampus, jonka huoneistopinta-ala on l\u00e4hes 75\u00a0000 neli\u00f6t\u00e4. Se on noin 40 prosenttia v\u00e4hemm\u00e4n kuin Linnanmaalla nyky\u00e4\u00e4n. Lis\u00e4ksi Oulun keskustaan tulee yliopiston toimintoja, joita kutsutaan nimell\u00e4 \u201dTieteen olohuone\u201d.<\/p>\n<p><img decoding=\"async\" alt=\"Oulun kartta, jossa on merkitty nykyinen Oulun yliopiston sijainti ja yliopiston uuden sijainnin suunniteltu paikka l\u00e4hell\u00e4 Oulun keskustaa.\" src=\"https:\/\/www.europesays.com\/fi\/wp-content\/uploads\/2025\/11\/39-155907169259f8bc14ca.jpeg\" loading=\"lazy\" class=\"aw-1l9m598 hKVVvP\"\/><\/p>\n<p>Avaa kuvien katselu<\/p>\n<p>Oulun yliopiston uusi kampus on tulossa purettavan yliopistosairaalan paikalle Oulun Kontinkankaalla. Kuva: Paulus Markkula \/ Yle, Mapcreator, OpenStreetMap<\/p>\n<p class=\"aw-1gybjub aw-1p7kakr kEtdKx cEmitX yle__article__paragraph\">Yliopiston kiinteist\u00f6p\u00e4\u00e4llikk\u00f6 <strong class=\"aw-ak79eh KyCXm yle__article__strong\">Vesa-Heikki Kemppainen<\/strong> perustelee ratkaisua nykyisen Linnanmaan kampuksen korkeilla korjauskustannuksilla.<\/p>\n<p class=\"aw-1gybjub aw-1p7kakr kEtdKx cEmitX yle__article__paragraph\">Oulun yliopiston hallituksen puheenjohtaja <strong class=\"aw-ak79eh KyCXm yle__article__strong\">Mikko Ayub<\/strong> perusteli tiedotustilaisuudessa uuden kampuksen rakentamisen olevan taloudellisesti merkitt\u00e4v\u00e4sti parempi p\u00e4\u00e4t\u00f6s kuin s\u00e4ilytt\u00e4\u00e4 yliopiston toiminnat Linnanmaalla.<\/p>\n<p class=\"aw-1gybjub aw-1p7kakr kEtdKx cEmitX yle__article__paragraph\">\u2013 Kaiken kaikkiaan yliopisto s\u00e4\u00e4st\u00e4\u00e4 kolmenkymmenen vuoden aikana seitsem\u00e4nsataa miljoonaa euroa siihen vaihtoehtoon verrattuna, ett\u00e4 jatkettaisiin niin sanotusti nykyisell\u00e4\u00e4n.<\/p>\n<p class=\"aw-1gybjub aw-1p7kakr kEtdKx cEmitX yle__article__paragraph\">Oulun yliopiston rehtori <strong class=\"aw-ak79eh KyCXm yle__article__strong\">Arto Maaninen<\/strong> kertoo, ett\u00e4 rakentaminen aloitetaan nykyisist\u00e4 Kontinkankaalla olevista tiedekunnista ja sit\u00e4 laajennetaan my\u00f6hemmin nykyisin Linnanmaalla oleviin tiedekuntiin.<\/p>\n<p class=\"aw-1gybjub aw-1p7kakr kEtdKx cEmitX yle__article__paragraph\">Oulun yliopiston uudeksi tilaratkaisuksi oli tarjolla kolme vaihtoehtoa. Niiss\u00e4 kaikissa Kontinkankaan kampus oli keskeisess\u00e4 roolissa, ja vain yhdess\u00e4 korkeakoulu olisi jatkanut toimintaa nykyisell\u00e4 Linnanmaan kampuksella.<\/p>\n<p class=\"aw-1gybjub aw-1p7kakr kEtdKx cEmitX yle__article__paragraph\">Tavoitteena on, ett\u00e4 uudet tilat olisivat k\u00e4yt\u00f6ss\u00e4 noin kymmenen vuoden kuluttua.<\/p>\n<p class=\"aw-1gybjub aw-1p7kakr kEtdKx cEmitX yle__article__paragraph\">Oulun yliopisto on jo pitk\u00e4\u00e4n etsinyt vaihtoehtoja uudelle kampukselle. Vuosikymmenen alkupuolella yliopisto esitteli kampussuunnitelmaa Oulun Raksilaan, mutta tuolloin hanke kaatui kaupungin p\u00e4\u00e4tt\u00e4jien vastustukseen.<\/p>\n<p class=\"aw-1gybjub aw-1p7kakr kEtdKx cEmitX yle__article__paragraph\">Nyt esitelty hanke sijoittuu noin puolitoista kilometri\u00e4 aiemmasta suunnitelmasta it\u00e4\u00e4n. Yliopiston uusi kampus sijoittuisi purettavan yliopistosairaalan paikalle.<\/p>\n<p class=\"aw-1gybjub aw-1p7kakr kEtdKx cEmitX yle__article__paragraph\">Uutinen p\u00e4ivittyy.<\/p>\n","protected":false},"excerpt":{"rendered":"Oulun yliopiston hallitus k\u00e4sitteli tiistaina kolmea vaihtoehtoa tulevaisuuden tilaratkaisuksi. Parhaaksi vaihtoehdoksi arvioitiin Kontinkankaalle rakennettava uusi iso kampus. Avaa&hellip;\n","protected":false},"author":2,"featured_media":99611,"comment_status":"","ping_status":"","sticky":false,"template":"","format":"standard","meta":{"footnotes":""},"categories":[12],"tags":[22,23,26,27,33,31,30,17,2106,1135,71,96,24,25,19193,28,29,15,18,952,756,21,728,32,19,20,16],"class_list":{"0":"post-99610","1":"post","2":"type-post","3":"status-publish","4":"format-standard","5":"has-post-thumbnail","7":"category-suomi","8":"tag-breaking-news","9":"tag-breakingnews","10":"tag-featured-news","11":"tag-featurednews","12":"tag-fi","13":"tag-finland","14":"tag-finnish","15":"tag-headlines","16":"tag-korkea-asteen-koulutus","17":"tag-korkeakoulut","18":"tag-kotimaa","19":"tag-koulutus","20":"tag-latest-news","21":"tag-latestnews","22":"tag-linnanmaan-kampus","23":"tag-main-news","24":"tag-mainnews","25":"tag-news","26":"tag-otsikot","27":"tag-oulu","28":"tag-oulun-yliopisto","29":"tag-paauutiset","30":"tag-pohjois-pohjanmaa","31":"tag-suomi","32":"tag-top-stories","33":"tag-topstories","34":"tag-uutiset"},"share_on_mastodon":{"url":"https:\/\/pubeurope.com\/@fi\/115610380424407708","error":""},"_links":{"self":[{"href":"https:\/\/www.europesays.com\/fi\/wp-json\/wp\/v2\/posts\/99610","targetHints":{"allow":["GET"]}}],"collection":[{"href":"https:\/\/www.europesays.com\/fi\/wp-json\/wp\/v2\/posts"}],"about":[{"href":"https:\/\/www.europesays.com\/fi\/wp-json\/wp\/v2\/types\/post"}],"author":[{"embeddable":true,"href":"https:\/\/www.europesays.com\/fi\/wp-json\/wp\/v2\/users\/2"}],"replies":[{"embeddable":true,"href":"https:\/\/www.europesays.com\/fi\/wp-json\/wp\/v2\/comments?post=99610"}],"version-history":[{"count":0,"href":"https:\/\/www.europesays.com\/fi\/wp-json\/wp\/v2\/posts\/99610\/revisions"}],"wp:featuredmedia":[{"embeddable":true,"href":"https:\/\/www.europesays.com\/fi\/wp-json\/wp\/v2\/media\/99611"}],"wp:attachment":[{"href":"https:\/\/www.europesays.com\/fi\/wp-json\/wp\/v2\/media?parent=99610"}],"wp:term":[{"taxonomy":"category","embeddable":true,"href":"https:\/\/www.europesays.com\/fi\/wp-json\/wp\/v2\/categories?post=99610"},{"taxonomy":"post_tag","embeddable":true,"href":"https:\/\/www.europesays.com\/fi\/wp-json\/wp\/v2\/tags?post=99610"}],"curies":[{"name":"wp","href":"https:\/\/api.w.org\/{rel}","templated":true}]}}