{"id":99612,"date":"2025-11-25T12:39:12","date_gmt":"2025-11-25T12:39:12","guid":{"rendered":"https:\/\/www.europesays.com\/fi\/99612\/"},"modified":"2025-11-25T12:39:12","modified_gmt":"2025-11-25T12:39:12","slug":"suden-metsastys-kohdistuisi-ensi-vuonna-laumoihin-nailla-alueilla-susia-saisi-metsastaa-varsinais-suomi","status":"publish","type":"post","link":"https:\/\/www.europesays.com\/fi\/99612\/","title":{"rendered":"Suden mets\u00e4stys kohdistuisi ensi vuonna laumoihin \u2013 n\u00e4ill\u00e4 alueilla susia saisi mets\u00e4st\u00e4\u00e4 | Varsinais-Suomi"},"content":{"rendered":"<p class=\"aw-1gybjub aw-5vja16 kEtdKx kmuxyA yle__article__paragraph\">Suden kannanhoidollinen mets\u00e4stys alkaa ensi vuonna. Riistakeskus esitt\u00e4\u00e4 kiinti\u00f6ksi sataa sutta.<\/p>\n<p><img decoding=\"async\" alt=\"kaksi pentua ja alfauros.\" src=\"https:\/\/www.europesays.com\/fi\/wp-content\/uploads\/2025\/11\/39-8714856176cd6ddb747.jpeg\" class=\"aw-1l9m598 hKVVvP\"\/><\/p>\n<p>Avaa kuvien katselu<\/p>\n<p>N\u00e4m\u00e4 sudet kuvattiin Kuhmossa vuonna 2020. Arkistokuva. Kuva: Juha Metso\/All Over Press<\/p>\n<p>12:30\u2022P\u00e4ivitetty 13:08<\/p>\n<p>Juttu tiivistettyn\u00e4<\/p>\n<ul class=\"aw-1jjocuh iJTSwP yle__article__list yle__article__list--ul\">\n<li class=\"aw-1j7gwms gNYKfi\">Suomen riistakeskus esitt\u00e4\u00e4 sadan suden mets\u00e4styskiinti\u00f6t\u00e4 ensi vuodelle. Mets\u00e4stys painottuisi L\u00e4nsi-Suomeen.<\/li>\n<li class=\"aw-1j7gwms gNYKfi\">Kiinti\u00f6alueet on jaettu kotiel\u00e4invahinkojen, turvallisuusriskien, sis\u00e4siittoisuuden est\u00e4misen ja uhanalaisen mets\u00e4peuran suojelun perusteella.<\/li>\n<li class=\"aw-1j7gwms gNYKfi\">Mets\u00e4stys kohdistuu kokonaisiin laumoihin, ei yksitt\u00e4isiin susiin, jotta vaikutus kantaan on ennakoitavampi.<\/li>\n<li class=\"aw-1j7gwms gNYKfi\">Riistakeskuksen mukaan kanta pysyisi mets\u00e4styksell\u00e4 suotuisalla tasolla, eli 273 suden vahvuisena.<\/li>\n<\/ul>\n<p class=\"aw-1gybjub aw-1p7kakr kEtdKx cEmitX yle__article__paragraph\">T\u00e4m\u00e4 on teko\u00e4lyn avulla tuotettu, toimittajan tarkistama tiivistelm\u00e4.<\/p>\n<p class=\"aw-1gybjub aw-1p7kakr kEtdKx cEmitX yle__article__paragraph\">Suomen riistakeskus kertoi t\u00e4n\u00e4\u00e4n esityksens\u00e4 suden mets\u00e4styslupien m\u00e4\u00e4r\u00e4st\u00e4 ensi vuodelle. Kiinti\u00f6 painottuu L\u00e4nsi-Suomeen.<\/p>\n<p class=\"aw-1gybjub aw-1p7kakr kEtdKx cEmitX yle__article__paragraph\">Hallitus hyv\u00e4ksyi viime viikolla esityksen, joka <a class=\"aw-iao6s4 iHOxEa yle__article__link\" href=\"https:\/\/yle.fi\/a\/74-20195174\" role=\"link\" rel=\"nofollow noopener\" target=\"_blank\">sallii suden kannanhoidollisen mets\u00e4styksen vuoden 2026 alusta<\/a>. Hallituksen tavoite oli sallia ensi vuonna 65 suden mets\u00e4stys.<\/p>\n<p class=\"aw-1gybjub aw-1p7kakr kEtdKx cEmitX yle__article__paragraph\">Riistakeskus esitt\u00e4\u00e4 nyt maa- ja mets\u00e4talousministeri\u00f6lle sadan suden kiinti\u00f6t\u00e4. Kiinti\u00f6t jakautuvat kiinti\u00f6alueille, joita on 16.<\/p>\n<p class=\"aw-1gybjub aw-1p7kakr kEtdKx cEmitX yle__article__paragraph\"><strong class=\"aw-ak79eh KyCXm yle__article__strong\">Voit katsoa kiinti\u00f6alueet, ehdotetut lupien m\u00e4\u00e4r\u00e4t ja mets\u00e4stysperusteet alla olevasta kartasta.<\/strong><\/p>\n<p><img decoding=\"async\" alt=\"Kartta - Suomen riistakeskuksen esitys suden kiinti\u00f6mets\u00e4styksest\u00e4\" src=\"https:\/\/www.europesays.com\/fi\/wp-content\/uploads\/2025\/11\/39-155892469257e8dc2c12.jpeg\" loading=\"lazy\" class=\"aw-1l9m598 hKVVvP\"\/><\/p>\n<p>Avaa kuvien katselu<\/p>\n<p>Suden mets\u00e4styksen kiinti\u00f6alueiden summittaiset sijainnit. Kuva: Jouni Koutonen \/ Yle, Mapcreator, Openstreetmap<\/p>\n<p>Suden mets\u00e4styksen kiinti\u00f6alueet vuonna 2026<\/p>\n<p class=\"aw-1gybjub aw-1p7kakr kEtdKx cEmitX yle__article__paragraph\">\u2022 Pahkavaara, 5 (mets\u00e4peura)<\/p>\n<p class=\"aw-1gybjub aw-1p7kakr kEtdKx cEmitX yle__article__paragraph\">\u2022 Vuosanka, 6 (mets\u00e4peura)<\/p>\n<p class=\"aw-1gybjub aw-1p7kakr kEtdKx cEmitX yle__article__paragraph\">\u2022 Nivala, 4 (l\u00e4hisukulaisuus)<\/p>\n<p class=\"aw-1gybjub aw-1p7kakr kEtdKx cEmitX yle__article__paragraph\">\u2022 Kaskinen-N\u00e4rpi\u00f6, 8 (koirasudet, vahingot)<\/p>\n<p class=\"aw-1gybjub aw-1p7kakr kEtdKx cEmitX yle__article__paragraph\">\u2022 Peurainneva, 6 (koirasudet)<\/p>\n<p class=\"aw-1gybjub aw-1p7kakr kEtdKx cEmitX yle__article__paragraph\">\u2022 Lauhanvuori, 6 (mets\u00e4peura, vahingot)<\/p>\n<p class=\"aw-1gybjub aw-1p7kakr kEtdKx cEmitX yle__article__paragraph\">\u2022 Eurajoki, 6 (vahingot)<\/p>\n<p class=\"aw-1gybjub aw-1p7kakr kEtdKx cEmitX yle__article__paragraph\">\u2022 Rekikoski, 6 (turvallisuus, vahingot)<\/p>\n<p class=\"aw-1gybjub aw-1p7kakr kEtdKx cEmitX yle__article__paragraph\">\u2022 K\u00f6yli\u00f6, 3 (turvallisuus)<\/p>\n<p class=\"aw-1gybjub aw-1p7kakr kEtdKx cEmitX yle__article__paragraph\">\u2022 Humppila, 8 (turvallisuus, vahingot)<\/p>\n<p class=\"aw-1gybjub aw-1p7kakr kEtdKx cEmitX yle__article__paragraph\">\u2022 Kustavi, 7 (turvallisuus, vahingot)<\/p>\n<p class=\"aw-1gybjub aw-1p7kakr kEtdKx cEmitX yle__article__paragraph\">\u2022 Aura-Paimio, 13 (turvallisuus, vahingot)<\/p>\n<p class=\"aw-1gybjub aw-1p7kakr kEtdKx cEmitX yle__article__paragraph\">\u2022 Kyt\u00e4j\u00e4, 2 (koirasudet, turvallisuus)<\/p>\n<p class=\"aw-1gybjub aw-1p7kakr kEtdKx cEmitX yle__article__paragraph\">\u2022 Nurmij\u00e4rvi, 6 (turvallisuus)<\/p>\n<p class=\"aw-1gybjub aw-1p7kakr kEtdKx cEmitX yle__article__paragraph\">\u2022 Tohmaj\u00e4rvi-Kitee, 4 (vahingot, turvallisuus)<\/p>\n<p class=\"aw-1gybjub aw-1p7kakr kEtdKx cEmitX yle__article__paragraph\">\u2022 Kaakkois-Suomi, 10 (koirasudet)<\/p>\n<p class=\"aw-1gybjub aw-1p7kakr kEtdKx cEmitX yle__article__paragraph\">Riistakeskuksen mukaan t\u00e4ll\u00e4 mets\u00e4stysm\u00e4\u00e4r\u00e4ll\u00e4 susikannan pit\u00e4isi s\u00e4ily\u00e4 suotuisalla suojelutasolla, se on 273 sutta.<\/p>\n<p class=\"aw-1gybjub aw-1p7kakr kEtdKx cEmitX yle__article__paragraph\">Kiinti\u00f6alueet on valittu erilaisilla perusteilla. Vahinkoperuste tarkoittaa, ett\u00e4 alueella on ollut paljon kotiel\u00e4invahinkoja. Turvallisuusperuste tarkoittaa sit\u00e4, ett\u00e4 alueella on paljon rohkeita susia, jotka on m\u00e4\u00e4r\u00e4tty karkotettaviksi tai kaadettaviksi.<\/p>\n<p class=\"aw-1gybjub aw-1p7kakr kEtdKx cEmitX yle__article__paragraph\">Lis\u00e4ksi mets\u00e4styst\u00e4 on pyritty kiinti\u00f6im\u00e4\u00e4n alueille, joilla on koirasusia tai sis\u00e4siittoisia susia. Osa kiinti\u00f6alueista taas on m\u00e4\u00e4r\u00e4tty vain Suomessa ja Ven\u00e4j\u00e4ll\u00e4 esiintyv\u00e4n mets\u00e4peuran suojelemiseksi.<\/p>\n<p>Mets\u00e4stys kohdistettaisiin laumoihin<\/p>\n<p class=\"aw-1gybjub aw-1p7kakr kEtdKx cEmitX yle__article__paragraph\">Mets\u00e4styksell\u00e4 pyritt\u00e4isiin poistamaan kokonaisia laumoja, ei yksitt\u00e4isi\u00e4 yksil\u00f6it\u00e4.<\/p>\n<p class=\"aw-1gybjub aw-1p7kakr kEtdKx cEmitX yle__article__paragraph\">T\u00e4m\u00e4 siksi, ett\u00e4 laumojen mets\u00e4st\u00e4misen vaikutus kantaan on helpompi ennakoida kuin yksitt\u00e4isten susien poiston vaikutus, sanoo riistap\u00e4\u00e4llikk\u00f6 <strong class=\"aw-ak79eh KyCXm yle__article__strong\">Visa Eronen<\/strong>.<\/p>\n<p class=\"aw-1gybjub aw-1p7kakr kEtdKx cEmitX yle__article__paragraph\">\u2013 Vuosina 2015 ja 2016 toteutettu <a class=\"aw-iao6s4 iHOxEa yle__article__link\" href=\"https:\/\/mmm.fi\/-\/susien-kannanhoidollisen-metsastyksen-arviointi-valmistunut-metsastys-jatkuu-muutoksin\" role=\"link\" rel=\"nofollow noopener\" target=\"_blank\">kannanhoidollinen mets\u00e4stys<\/a> kohdistui yksitt\u00e4isiin susiin. Silloin saaliiksi p\u00e4\u00e4tyi paljon lis\u00e4\u00e4ntymisik\u00e4isi\u00e4 susia, Eronen sanoo.<\/p>\n<p class=\"aw-1gybjub aw-1p7kakr kEtdKx cEmitX yle__article__paragraph\">Riistakeskuksen mukaan kiinti\u00f6iss\u00e4 on otettu huomioon susien geneettinen monimuotoisuus. T\u00e4m\u00e4 tarkoittaa sit\u00e4, ett\u00e4 mets\u00e4stys pyritt\u00e4isiin kohdentamaan sis\u00e4siittoisiin yksil\u00f6ihin ja toisaalta v\u00e4ltt\u00e4m\u00e4\u00e4n esimerkiksi It\u00e4-Suomesta L\u00e4nsi-Suomeen siirtynytt\u00e4 sutta.<\/p>\n<p class=\"aw-1gybjub aw-1p7kakr kEtdKx cEmitX yle__article__paragraph\">Luonnonvarakeskuksen ennusteen mukaan susikanta kasvaa noin 11 prosenttia vuodessa, jos kantaa ei mets\u00e4stet\u00e4.<\/p>\n","protected":false},"excerpt":{"rendered":"Suden kannanhoidollinen mets\u00e4stys alkaa ensi vuonna. Riistakeskus esitt\u00e4\u00e4 kiinti\u00f6ksi sataa sutta. Avaa kuvien katselu N\u00e4m\u00e4 sudet kuvattiin Kuhmossa&hellip;\n","protected":false},"author":2,"featured_media":99613,"comment_status":"","ping_status":"","sticky":false,"template":"","format":"standard","meta":{"footnotes":""},"categories":[5],"tags":[22,23,404,26,27,33,31,30,17,723,71,473,24,25,2662,28,29,479,15,18,21,728,32,4237,19,20,16,663],"class_list":{"0":"post-99612","1":"post","2":"type-post","3":"status-publish","4":"format-standard","5":"has-post-thumbnail","7":"category-otsikot","8":"tag-breaking-news","9":"tag-breakingnews","10":"tag-elaimet","11":"tag-featured-news","12":"tag-featurednews","13":"tag-fi","14":"tag-finland","15":"tag-finnish","16":"tag-headlines","17":"tag-kainuu","18":"tag-kotimaa","19":"tag-lansi-suomi","20":"tag-latest-news","21":"tag-latestnews","22":"tag-maa-ja-metsatalousministerio","23":"tag-main-news","24":"tag-mainnews","25":"tag-metsastys","26":"tag-news","27":"tag-otsikot","28":"tag-paauutiset","29":"tag-pohjois-pohjanmaa","30":"tag-suomi","31":"tag-susi","32":"tag-top-stories","33":"tag-topstories","34":"tag-uutiset","35":"tag-varsinais-suomi"},"share_on_mastodon":{"url":"https:\/\/pubeurope.com\/@fi\/115610384093570059","error":""},"_links":{"self":[{"href":"https:\/\/www.europesays.com\/fi\/wp-json\/wp\/v2\/posts\/99612","targetHints":{"allow":["GET"]}}],"collection":[{"href":"https:\/\/www.europesays.com\/fi\/wp-json\/wp\/v2\/posts"}],"about":[{"href":"https:\/\/www.europesays.com\/fi\/wp-json\/wp\/v2\/types\/post"}],"author":[{"embeddable":true,"href":"https:\/\/www.europesays.com\/fi\/wp-json\/wp\/v2\/users\/2"}],"replies":[{"embeddable":true,"href":"https:\/\/www.europesays.com\/fi\/wp-json\/wp\/v2\/comments?post=99612"}],"version-history":[{"count":0,"href":"https:\/\/www.europesays.com\/fi\/wp-json\/wp\/v2\/posts\/99612\/revisions"}],"wp:featuredmedia":[{"embeddable":true,"href":"https:\/\/www.europesays.com\/fi\/wp-json\/wp\/v2\/media\/99613"}],"wp:attachment":[{"href":"https:\/\/www.europesays.com\/fi\/wp-json\/wp\/v2\/media?parent=99612"}],"wp:term":[{"taxonomy":"category","embeddable":true,"href":"https:\/\/www.europesays.com\/fi\/wp-json\/wp\/v2\/categories?post=99612"},{"taxonomy":"post_tag","embeddable":true,"href":"https:\/\/www.europesays.com\/fi\/wp-json\/wp\/v2\/tags?post=99612"}],"curies":[{"name":"wp","href":"https:\/\/api.w.org\/{rel}","templated":true}]}}