{"id":9962,"date":"2025-08-19T07:12:11","date_gmt":"2025-08-19T07:12:11","guid":{"rendered":"https:\/\/www.europesays.com\/fi\/9962\/"},"modified":"2025-08-19T07:12:11","modified_gmt":"2025-08-19T07:12:11","slug":"the-last-of-us-tahti-bella-ramsay-haluaa-spider-maniksi-ja-palata-yhteen-pedro-pascalin-kanssa","status":"publish","type":"post","link":"https:\/\/www.europesays.com\/fi\/9962\/","title":{"rendered":"The Last of Us -t\u00e4hti Bella Ramsay haluaa Spider-Maniksi ja palata yhteen Pedro Pascalin kanssa"},"content":{"rendered":"\n<p><strong>Bella Ramsay katsoi ensimm\u00e4iset Marvel-elokuvansa vasta pari kuukautta sitten.<\/strong><\/p>\n<p><a href=\"https:\/\/muropaketti.com\/avainsana\/bella-ramsey\/\" rel=\"nofollow noopener\" target=\"_blank\">Bella Ramsey<\/a> kertoo <a href=\"https:\/\/variety.com\/2025\/tv\/columns\/the-last-of-us-bella-ramsey-spider-man-heist-pedro-pascal-1236491584\" target=\"_blank\" rel=\"noopener nofollow\">Varietyn<\/a> jutussa, mit\u00e4 haluisi tehd\u00e4 Pedro Pascalin kanssa The Last of Us -sarjan j\u00e4lkeen.<\/p>\n<p>\u201dVaikka joku pankkiry\u00f6st\u00f6leffa voisi olla kova juttu. Minulta kysyt\u00e4\u00e4n jatkuvasti Pedrosta joka tapauksessa. \u201dMiten Pedro voi? Onko h\u00e4n oikeasti niin kiltti?\u201d Me kommunikoimme l\u00e4hinn\u00e4 tekstareilla ja missaamme toisemme jatkuvasti.\u201d<\/p>\n<p>Variety k\u00e4\u00e4nsi puheen my\u00f6s Pascalin t\u00e4hditt\u00e4m\u00e4\u00e4n\u00a0The Fantastic Four: First Steps -elokuvaan. Ramsay on kaikkea muuta kuin supersankariekspertti.<\/p>\n<p>\u201dVoisin esitt\u00e4\u00e4 H\u00e4m\u00e4h\u00e4kkimiest\u00e4. Tom Holland suoriutui siit\u00e4 roolista hyvin. Katsoin ensimm\u00e4isen Marvel-elokuvani vasta pari-kolme kuukautta sitten, joka oli Andrew Garfieldin Spider-Man-leffa.\u201d<\/p>\n<p>Ramsey sai toistamiseen Emmy-ehokkuuden roolistaan The Last of Us -sarjassa. Yhteens\u00e4 sarja sai 17 ehdokkuutta.<\/p>\n<p><a href=\"https:\/\/www.europesays.com\/fi\/wp-content\/uploads\/2025\/08\/the-last-of-us-kausi-2-bella-ramsey-pedro-pascal.jpeg\"><img fetchpriority=\"high\" decoding=\"async\" aria-describedby=\"caption-attachment-796823\" class=\"size-full wp-image-796823 awpo-lazy\" alt=\"The Last of Us\" width=\"1280\" height=\"720\"  data- src=\"https:\/\/www.europesays.com\/fi\/wp-content\/uploads\/2025\/08\/the-last-of-us-kausi-2-bella-ramsey-pedro-pascal.jpeg\"\/><\/a><\/p>\n<p id=\"caption-attachment-796823\" class=\"wp-caption-text\">Kuva: \u00a9 HBO<\/p>\n","protected":false},"excerpt":{"rendered":"Bella Ramsay katsoi ensimm\u00e4iset Marvel-elokuvansa vasta pari kuukautta sitten. Bella Ramsey kertoo Varietyn jutussa, mit\u00e4 haluisi tehd\u00e4 Pedro&hellip;\n","protected":false},"author":2,"featured_media":9963,"comment_status":"","ping_status":"","sticky":false,"template":"","format":"standard","meta":{"footnotes":""},"categories":[136],"tags":[4625,407,137,33,31,30,408,650,4626,32,4627,109],"class_list":{"0":"post-9962","1":"post","2":"type-post","3":"status-publish","4":"format-standard","5":"has-post-thumbnail","7":"category-julkkikset","8":"tag-bella-ramsey","9":"tag-celebrities","10":"tag-entertainment","11":"tag-fi","12":"tag-finland","13":"tag-finnish","14":"tag-julkkikset","15":"tag-pedro-pascal","16":"tag-spider-man","17":"tag-suomi","18":"tag-the-last-of-us","19":"tag-viihde"},"share_on_mastodon":{"url":"","error":""},"_links":{"self":[{"href":"https:\/\/www.europesays.com\/fi\/wp-json\/wp\/v2\/posts\/9962","targetHints":{"allow":["GET"]}}],"collection":[{"href":"https:\/\/www.europesays.com\/fi\/wp-json\/wp\/v2\/posts"}],"about":[{"href":"https:\/\/www.europesays.com\/fi\/wp-json\/wp\/v2\/types\/post"}],"author":[{"embeddable":true,"href":"https:\/\/www.europesays.com\/fi\/wp-json\/wp\/v2\/users\/2"}],"replies":[{"embeddable":true,"href":"https:\/\/www.europesays.com\/fi\/wp-json\/wp\/v2\/comments?post=9962"}],"version-history":[{"count":0,"href":"https:\/\/www.europesays.com\/fi\/wp-json\/wp\/v2\/posts\/9962\/revisions"}],"wp:featuredmedia":[{"embeddable":true,"href":"https:\/\/www.europesays.com\/fi\/wp-json\/wp\/v2\/media\/9963"}],"wp:attachment":[{"href":"https:\/\/www.europesays.com\/fi\/wp-json\/wp\/v2\/media?parent=9962"}],"wp:term":[{"taxonomy":"category","embeddable":true,"href":"https:\/\/www.europesays.com\/fi\/wp-json\/wp\/v2\/categories?post=9962"},{"taxonomy":"post_tag","embeddable":true,"href":"https:\/\/www.europesays.com\/fi\/wp-json\/wp\/v2\/tags?post=9962"}],"curies":[{"name":"wp","href":"https:\/\/api.w.org\/{rel}","templated":true}]}}