{"id":99626,"date":"2025-11-25T13:03:08","date_gmt":"2025-11-25T13:03:08","guid":{"rendered":"https:\/\/www.europesays.com\/fi\/99626\/"},"modified":"2025-11-25T13:03:08","modified_gmt":"2025-11-25T13:03:08","slug":"eu-haluaa-venajan-jaadytetyt-varat-nopeasti-kayttoon-sanoo-orpo","status":"publish","type":"post","link":"https:\/\/www.europesays.com\/fi\/99626\/","title":{"rendered":"EU haluaa Ven\u00e4j\u00e4n j\u00e4\u00e4dytetyt varat nopeasti k\u00e4ytt\u00f6\u00f6n, sanoo Orpo"},"content":{"rendered":"<p><strong class=\"typography-bold\">P\u00e4\u00e4ministeri Petteri Orpo uskoo, ett\u00e4 energiasektoria koskeva tulitauko olisi parhaillaan k\u00e4yt\u00e4vien rauhanneuvotteluiden takia luottamusta her\u00e4tt\u00e4v\u00e4 teko.<\/strong><\/p>\n<p>MTV Uutiset <a class=\"underline\" data-testid=\"external-link\" href=\"https:\/\/www.mtvuutiset.fi\/artikkeli\/elina-valtonen-suomelta-ehdotus-tulitauosta-ukrainaan\/9260816\" rel=\"noopener noreferrer nofollow\" data-sentry-component=\"ExternalLink\" data-sentry-source-file=\"ExternalLink.tsx\" target=\"_blank\">kertoi t\u00e4n\u00e4\u00e4n<\/a> ulkoministeri <strong class=\"typography-bold\">Elina Valtosen<\/strong> ehdotuksesta, ett\u00e4 torstaihin menness\u00e4 osapuolet sopisivat ainakin osittaisesta tulitauosta.<\/p>\n<p>\u2013 Se olisi ele, joka toisi mahdollisuuksia p\u00e4\u00e4st\u00e4 eteenp\u00e4in t\u00e4ss\u00e4 isossa kuvassa, eli rauhan sopimisessa, Orpo sanoo MTV Uutisille.<\/p>\n<p>P\u00e4\u00e4ministeri kommentoi Ukrainan rauhanneuvotteluja puhelimitse Angolan p\u00e4\u00e4kaupungista Luandasta, jossa h\u00e4n osallistuu Euroopan unionin ja Afrikan maiden v\u00e4liseen huippukokoukseen.<\/p>\n<p>K\u00e4yt\u00e4nn\u00f6ss\u00e4 t\u00e4ll\u00e4 hetkell\u00e4 odotetaan Ven\u00e4j\u00e4n vastausta, h\u00e4n jatkaa. Viime viikolla julkistettuun, laajasti Ven\u00e4j\u00e4-my\u00f6nteiseksi tulkittuun rauhansopimusluonnokseen<a class=\"underline\" data-testid=\"external-link\" href=\"https:\/\/www.mtvuutiset.fi\/artikkeli\/ft-usa-n-rauhansuunnitelmassa-nyt-19-kohtaa-ei-juurikaan-muistuta-edellista\/9260686\" rel=\"noopener noreferrer nofollow\" data-sentry-component=\"ExternalLink\" data-sentry-source-file=\"ExternalLink.tsx\" target=\"_blank\"> tehtiin viikonloppuna merkitt\u00e4vi\u00e4 muutoksia<\/a> Euroopan ja Ukrainan toimesta.<\/p>\n<p>Yhdysvaltojen ulkoministeri <strong class=\"typography-bold\">Marco Rubio <\/strong>neuvotteli viikonloppuna Sveitsiss\u00e4 ukrainalaisedustajien kanssa, mink\u00e4 seurauksena sopimusluonnosta lyhennettiin.<\/p>\n","protected":false},"excerpt":{"rendered":"P\u00e4\u00e4ministeri Petteri Orpo uskoo, ett\u00e4 energiasektoria koskeva tulitauko olisi parhaillaan k\u00e4yt\u00e4vien rauhanneuvotteluiden takia luottamusta her\u00e4tt\u00e4v\u00e4 teko. MTV Uutiset&hellip;\n","protected":false},"author":2,"featured_media":99627,"comment_status":"","ping_status":"","sticky":false,"template":"","format":"standard","meta":{"footnotes":""},"categories":[14],"tags":[22,23,26,27,33,31,30,17,24,25,28,29,15,18,21,32,19,20,56,16,59,60,61],"class_list":{"0":"post-99626","1":"post","2":"type-post","3":"status-publish","4":"format-standard","5":"has-post-thumbnail","7":"category-ulkomaat","8":"tag-breaking-news","9":"tag-breakingnews","10":"tag-featured-news","11":"tag-featurednews","12":"tag-fi","13":"tag-finland","14":"tag-finnish","15":"tag-headlines","16":"tag-latest-news","17":"tag-latestnews","18":"tag-main-news","19":"tag-mainnews","20":"tag-news","21":"tag-otsikot","22":"tag-paauutiset","23":"tag-suomi","24":"tag-top-stories","25":"tag-topstories","26":"tag-ulkomaat","27":"tag-uutiset","28":"tag-world","29":"tag-world-news","30":"tag-worldnews"},"share_on_mastodon":{"url":"https:\/\/pubeurope.com\/@fi\/115610478508992943","error":""},"_links":{"self":[{"href":"https:\/\/www.europesays.com\/fi\/wp-json\/wp\/v2\/posts\/99626","targetHints":{"allow":["GET"]}}],"collection":[{"href":"https:\/\/www.europesays.com\/fi\/wp-json\/wp\/v2\/posts"}],"about":[{"href":"https:\/\/www.europesays.com\/fi\/wp-json\/wp\/v2\/types\/post"}],"author":[{"embeddable":true,"href":"https:\/\/www.europesays.com\/fi\/wp-json\/wp\/v2\/users\/2"}],"replies":[{"embeddable":true,"href":"https:\/\/www.europesays.com\/fi\/wp-json\/wp\/v2\/comments?post=99626"}],"version-history":[{"count":0,"href":"https:\/\/www.europesays.com\/fi\/wp-json\/wp\/v2\/posts\/99626\/revisions"}],"wp:featuredmedia":[{"embeddable":true,"href":"https:\/\/www.europesays.com\/fi\/wp-json\/wp\/v2\/media\/99627"}],"wp:attachment":[{"href":"https:\/\/www.europesays.com\/fi\/wp-json\/wp\/v2\/media?parent=99626"}],"wp:term":[{"taxonomy":"category","embeddable":true,"href":"https:\/\/www.europesays.com\/fi\/wp-json\/wp\/v2\/categories?post=99626"},{"taxonomy":"post_tag","embeddable":true,"href":"https:\/\/www.europesays.com\/fi\/wp-json\/wp\/v2\/tags?post=99626"}],"curies":[{"name":"wp","href":"https:\/\/api.w.org\/{rel}","templated":true}]}}