{"id":99638,"date":"2025-11-25T13:23:08","date_gmt":"2025-11-25T13:23:08","guid":{"rendered":"https:\/\/www.europesays.com\/fi\/99638\/"},"modified":"2025-11-25T13:23:08","modified_gmt":"2025-11-25T13:23:08","slug":"thl-influenssakausi-alkamassa-aikaisin-uutisia-lyhyesti","status":"publish","type":"post","link":"https:\/\/www.europesays.com\/fi\/99638\/","title":{"rendered":"THL: Influenssakausi alkamassa aikaisin | Uutisia lyhyesti"},"content":{"rendered":"<p class=\"aw-1gybjub aw-5vja16 kEtdKx kmuxyA yle__article__paragraph\">Havaittujen influenssatapauksien m\u00e4\u00e4r\u00e4 on kasvussa.<\/p>\n<p class=\"aw-1gybjub aw-1p7kakr kEtdKx cEmitX yle__article__paragraph\">Influenssakausi on k\u00e4ynnistynyt Suomessa tavallista aikaisemmin.<\/p>\n<p class=\"aw-1gybjub aw-1p7kakr kEtdKx cEmitX yle__article__paragraph\">Terveyden- ja hyvinvoinninlaitoksen mukaan havaittujen tapausten m\u00e4\u00e4r\u00e4 on kasvussa.<\/p>\n<p class=\"aw-1gybjub aw-1p7kakr kEtdKx cEmitX yle__article__paragraph\">My\u00f6s maailmalla influenssakausi on alkanut t\u00e4n\u00e4 vuonna poikkeuksellisen aikaisin.<\/p>\n<p class=\"aw-1gybjub aw-1p7kakr kEtdKx cEmitX yle__article__paragraph\">Euroopan tautienehk\u00e4isy- ja valvontakeskus (ECDC) suosittelee, ett\u00e4 etenkin riskiryhmiin kuuluvat k\u00e4yv\u00e4t ottamassa influenssarokotteen viipym\u00e4tt\u00e4. Rokotukset ovat Suomessa k\u00e4ynniss\u00e4.<\/p>\n<p class=\"aw-1gybjub aw-1p7kakr kEtdKx cEmitX yle__article__paragraph\">Muuntunut virustyyppi voi t\u00e4n\u00e4 talvena heikent\u00e4\u00e4 rokotteen tehoa, THL kertoo. Kes\u00e4n aikana influenssa A-virukset ovat muuntuneet ja uusi viruksen alatyyppi on levinnyt laajasti eri puolille maailmaa. Suomessa syksyn aikana tarkemmin tutkitut influenssavirukset ovat p\u00e4\u00e4osin olleet muuntunutta tyyppi\u00e4.<\/p>\n<p class=\"aw-1gybjub aw-1p7kakr kEtdKx cEmitX yle__article__paragraph\">THL suosittelee influenssarokotusta mm. kaikille alle 7-vuotiaille ja yli 65-vuotiaille, raskaana oleville ja sairautensa tai hoitonsa vuoksi riskiryhm\u00e4\u00e4n kuuluville.<\/p>\n","protected":false},"excerpt":{"rendered":"Havaittujen influenssatapauksien m\u00e4\u00e4r\u00e4 on kasvussa. Influenssakausi on k\u00e4ynnistynyt Suomessa tavallista aikaisemmin. Terveyden- ja hyvinvoinninlaitoksen mukaan havaittujen tapausten m\u00e4\u00e4r\u00e4&hellip;\n","protected":false},"author":2,"featured_media":74,"comment_status":"","ping_status":"","sticky":false,"template":"","format":"standard","meta":{"footnotes":""},"categories":[165],"tags":[33,31,30,166,6313,19195,14546,71,768,32,167],"class_list":{"0":"post-99638","1":"post","2":"type-post","3":"status-publish","4":"format-standard","5":"has-post-thumbnail","7":"category-terveys","8":"tag-fi","9":"tag-finland","10":"tag-finnish","11":"tag-health","12":"tag-influenssa","13":"tag-influenssa-a-virus-h3n2","14":"tag-influenssarokotteet","15":"tag-kotimaa","16":"tag-rokotteet","17":"tag-suomi","18":"tag-terveys"},"share_on_mastodon":{"url":"https:\/\/pubeurope.com\/@fi\/115610557202791619","error":""},"_links":{"self":[{"href":"https:\/\/www.europesays.com\/fi\/wp-json\/wp\/v2\/posts\/99638","targetHints":{"allow":["GET"]}}],"collection":[{"href":"https:\/\/www.europesays.com\/fi\/wp-json\/wp\/v2\/posts"}],"about":[{"href":"https:\/\/www.europesays.com\/fi\/wp-json\/wp\/v2\/types\/post"}],"author":[{"embeddable":true,"href":"https:\/\/www.europesays.com\/fi\/wp-json\/wp\/v2\/users\/2"}],"replies":[{"embeddable":true,"href":"https:\/\/www.europesays.com\/fi\/wp-json\/wp\/v2\/comments?post=99638"}],"version-history":[{"count":0,"href":"https:\/\/www.europesays.com\/fi\/wp-json\/wp\/v2\/posts\/99638\/revisions"}],"wp:featuredmedia":[{"embeddable":true,"href":"https:\/\/www.europesays.com\/fi\/wp-json\/wp\/v2\/media\/74"}],"wp:attachment":[{"href":"https:\/\/www.europesays.com\/fi\/wp-json\/wp\/v2\/media?parent=99638"}],"wp:term":[{"taxonomy":"category","embeddable":true,"href":"https:\/\/www.europesays.com\/fi\/wp-json\/wp\/v2\/categories?post=99638"},{"taxonomy":"post_tag","embeddable":true,"href":"https:\/\/www.europesays.com\/fi\/wp-json\/wp\/v2\/tags?post=99638"}],"curies":[{"name":"wp","href":"https:\/\/api.w.org\/{rel}","templated":true}]}}