{"id":99651,"date":"2025-11-25T13:31:09","date_gmt":"2025-11-25T13:31:09","guid":{"rendered":"https:\/\/www.europesays.com\/fi\/99651\/"},"modified":"2025-11-25T13:31:09","modified_gmt":"2025-11-25T13:31:09","slug":"paaministeri-orpo-vahvistaa-venajan-ja-usan-yllattavaa-suunnitelmaa-on-muutettu","status":"publish","type":"post","link":"https:\/\/www.europesays.com\/fi\/99651\/","title":{"rendered":"P\u00e4\u00e4ministeri Orpo vahvistaa: Ven\u00e4j\u00e4n ja USA:n yll\u00e4tt\u00e4v\u00e4\u00e4 suunnitelmaa on muutettu"},"content":{"rendered":"<p>P\u00e4\u00e4ministeri Petteri Orpo (kok) kertoo IS:lle uusia tietoja kulisseissa tapahtuneesta edistyksest\u00e4 Ukrainaan liittyen.<\/p>\n<p class=\"article-body mb-nof-24 px-nof-16\">P\u00e4\u00e4ministeri<a class=\"article-personlink\" href=\"https:\/\/www.is.fi\/haku\/?query=%20Petteri%20Orpo\" rel=\"nofollow noopener\" target=\"_blank\"> Petteri Orpo<\/a> (kok) sanoo IS:lle, ett\u00e4 Ven\u00e4j\u00e4n ja Yhdysvaltain 28-kohtainen suunnitelma Ukrainasta on nyt n\u00e4ill\u00e4 n\u00e4kymin j\u00e4tetty taakse. P\u00e4\u00e4ministeri osallistuu parhaillaan Angolassa maanantaina ja tiistaina j\u00e4rjestett\u00e4v\u00e4\u00e4n EU:n ja Afrikan unionin huippukokoukseen.<\/p>\n<p class=\"article-body mb-nof-24 px-nof-16\">\u2013\u2009Se 28 kohtaa on nyt toivottavasti taakse j\u00e4\u00e4nytt\u00e4. On pystytty laatimaan 19 kohdan esitys, joka on huomattavasti parempi l\u00e4ht\u00f6kohta kuin se 28-kohtainen esitys, joka oli kirjoitettu Ven\u00e4j\u00e4n n\u00e4k\u00f6kulmasta hyvin pitk\u00e4lle. On t\u00e4ysin selv\u00e4\u00e4, ett\u00e4 asiat, jotka koskevat Euroopan unionia, Natoa, Suomea tai ylip\u00e4\u00e4t\u00e4\u00e4n yksitt\u00e4isi\u00e4 maita, niist\u00e4 ei voi sopia kuin kyseisiss\u00e4 foorumeissa.<\/p>\n<p class=\"article-body mb-nof-24 px-nof-16\">Paljon riippuu nyt p\u00e4\u00e4ministerin mukaan siit\u00e4, miten Ven\u00e4j\u00e4\u00e4 reagoi ja vastaa, onko se valmis aidosti neuvottelemaan rauhaa.<\/p>\n<p class=\"article-body mb-nof-24 px-nof-16\">Orpo sanoo, ett\u00e4 suunnitelman muuttaminen 19-kohtaiseksi on vaatinut todella suuren m\u00e4\u00e4r\u00e4n ty\u00f6t\u00e4: sek\u00e4 transatlanttista yhteydenpitoa Yhdysvaltoihin Euroopasta ett\u00e4 keskustelua Euroopan sis\u00e4ll\u00e4.<\/p>\n<p class=\"article-body mb-nof-24 px-nof-16\">\u2013\u2009Keskusteluyhteys Yhdysvaltojen kanssa on taas hyv\u00e4 sen 28-kohtaisen yll\u00e4tyksen j\u00e4lkeen.<\/p>\n<p class=\"article-body mb-nof-24 px-nof-16\">Ven\u00e4j\u00e4 ehti jo maanantaina kritisoida Euroopan julkisuuteen vuodettua vasta\u00adehdotusta. Orpo kuitenkin toppuuttelee, ett\u00e4 sen perusteella ei kannata viel\u00e4 tehd\u00e4 johtop\u00e4\u00e4t\u00f6ksi\u00e4.<\/p>\n<p class=\"article-body mb-nof-24 px-nof-16\">Tilanne on monien keskustelujen perusteella Orpon mukaan se, ett\u00e4 nyt edet\u00e4\u00e4n kohti oikeaa suuntaa, oikeanmukaista ja kest\u00e4v\u00e4\u00e4 rauhaa. Mutta viel\u00e4 ei \u201dtodellakaan olla maalissa\u201d.<\/p>\n<p class=\"article-body mb-nof-24 px-nof-16\">\u2013\u2009Oikeasuuntaista edistyst\u00e4 on ja seuraavat p\u00e4iv\u00e4t ovat hyvin merkitt\u00e4vi\u00e4. Neuvotteluja k\u00e4yd\u00e4\u00e4n nyt eri puolilla ja eri tahoilla. Esimerkiksi tiistaina on koolla halukkaiden koalitio, johon tasavallan presidentti <a class=\"article-personlink\" href=\"https:\/\/www.is.fi\/haku\/?query=Alexander%20Stubb\" rel=\"nofollow noopener\" target=\"_blank\">Alexander Stubb<\/a> osallistuu.<\/p>\n<p class=\"article-body mb-nof-24 px-nof-16\">Orpo perustelee tulevien p\u00e4ivien merkitt\u00e4vyytt\u00e4 sill\u00e4, ett\u00e4 nyt on h\u00e4nen mukaansa k\u00e4ynniss\u00e4 todellista neuvottelua.<\/p>\n<p class=\"article-body mb-nof-24 px-nof-16\">\u2013\u2009Oli pitk\u00e4 tauko, kun k\u00e4yt\u00e4nn\u00f6ss\u00e4 mit\u00e4\u00e4n neuvotteluja ei ollut. Nyt on hyvin tiivis neuvotteluvaihe ja osapuolet tapaavat eri kokoonpanoissa. Yrityst\u00e4 on, vaikka se ei viel\u00e4 itsess\u00e4\u00e4n takaa mit\u00e4\u00e4n.<\/p>\n<p class=\"article-body mb-nof-24 px-nof-16\">Onko siis uudessa 19-kohtaisessa ehdotuksessa vaikeat kohdat, kuten 28 kohdan listan kohta 4 Euroopan ja Naton asioista p\u00e4\u00e4tt\u00e4miseen liittyen, saatu sel\u00e4tetty\u00e4?<\/p>\n<p class=\"article-body mb-nof-24 px-nof-16\">\u2013\u2009Nyt on p\u00e4\u00e4sty sek\u00e4 Ukrainan ett\u00e4 Euroopan n\u00e4k\u00f6kulmasta paljon parempaan tilanteeseen. On perusperiaatteet siit\u00e4, ett\u00e4 ei ole Ukrainan suvereniteettia rajoittavia kysymyksi\u00e4. Ja Natoa ja Eurooppaa koskevia asioita ei voi sopia n\u00e4in, vaan ne kuuluvat eri foorumiin. Katsotaan nyt miten t\u00e4m\u00e4 etenee.<\/p>\n<p class=\"article-body mb-nof-24 px-nof-16\">P\u00e4\u00e4ministeri kertoo puhuneensa viel\u00e4 my\u00f6h\u00e4\u00e4n maanantai-iltana Saksan liittokansleri <a class=\"article-personlink\" href=\"https:\/\/www.is.fi\/haku\/?query=Friedrich%20Merzin\" rel=\"nofollow noopener\" target=\"_blank\">Friedrich Merzin<\/a> kanssa ja tiistaina Eurooppa-neuvoston puheenjohtajan <a class=\"article-personlink\" href=\"https:\/\/www.is.fi\/haku\/?query=Antonio%20Costan\" rel=\"nofollow noopener\" target=\"_blank\">Antonio Costan<\/a> kanssa. Tahtotila ratkaisun l\u00f6yt\u00e4miseksi Ven\u00e4j\u00e4n j\u00e4\u00e4dytettyjen varojen kysymykseen on nyt Orpon mukaan edistynyt.<\/p>\n<p class=\"article-body mb-nof-24 px-nof-16\">\u2013\u2009Tahtotila ratkaisun l\u00f6yt\u00e4miseen on entist\u00e4 vahvempi ja tahtotila entist\u00e4 kovempi. Katsotaan, pystyt\u00e4\u00e4nk\u00f6 viimeiset esteet ohittamaan.<\/p>\n<p class=\"article-body mb-nof-24 px-nof-16\">Suomi on ehdottanut ainakin osittaista tulitaukoa torstaille. Orpo kuvaa sit\u00e4 luottamusta her\u00e4tt\u00e4v\u00e4ksi toimeksi nimenomaan energiainfrastruktuuriin liittyen.<\/p>\n<p class=\"article-body mb-nof-24 px-nof-16\">\u2013 Se on tietenkin hyvin t\u00e4rke\u00e4\u00e4 Ukrainalle. Ven\u00e4j\u00e4 pommittaa ja tuhoaa energiainfraa koko ajan.<\/p>\n<p class=\"article-body mb-nof-24 px-nof-16\">Orpon mukaan tunnelma Afrikassa k\u00e4ynniss\u00e4 olevassa EU-kokouksessa rakentava. Se linkittyy Ukrainaan ja globaaliin tilanteeseen.<\/p>\n<p class=\"article-body mb-nof-24 px-nof-16\">\u2013\u2009Selv\u00e4sti sek\u00e4 Afrikassa ett\u00e4 Euroopassa on hyvin suurta halua kehitt\u00e4\u00e4 yhteisty\u00f6t\u00e4, puolustaa multilateralismia ja it\u00e4suhteissa Ukrainan kysymys saa t\u00e4\u00e4ll\u00e4 selke\u00e4sti ymm\u00e4rryst\u00e4.<\/p>\n<p class=\"article-body mb-nof-24 px-nof-16\">Ukrainan t\u00e4m\u00e4n hetkinen tilanne ei ole kokouksessa varsinaisesti agendalla, mutta se on Orpon mukaan ollut silti esill\u00e4 EU-johtajien kesken. Yleinen analyysi on se, ett\u00e4 ollaan paljon paremmassa tilanteessa kuin muutama p\u00e4iv\u00e4 sitten.<\/p>\n","protected":false},"excerpt":{"rendered":"P\u00e4\u00e4ministeri Petteri Orpo (kok) kertoo IS:lle uusia tietoja kulisseissa tapahtuneesta edistyksest\u00e4 Ukrainaan liittyen. P\u00e4\u00e4ministeri Petteri Orpo (kok) sanoo&hellip;\n","protected":false},"author":2,"featured_media":99652,"comment_status":"","ping_status":"","sticky":false,"template":"","format":"standard","meta":{"footnotes":""},"categories":[5],"tags":[22,23,26,27,33,31,30,17,34,24,25,28,29,15,18,21,32,19,20,16],"class_list":{"0":"post-99651","1":"post","2":"type-post","3":"status-publish","4":"format-standard","5":"has-post-thumbnail","7":"category-otsikot","8":"tag-breaking-news","9":"tag-breakingnews","10":"tag-featured-news","11":"tag-featurednews","12":"tag-fi","13":"tag-finland","14":"tag-finnish","15":"tag-headlines","16":"tag-ilta-sanomat","17":"tag-latest-news","18":"tag-latestnews","19":"tag-main-news","20":"tag-mainnews","21":"tag-news","22":"tag-otsikot","23":"tag-paauutiset","24":"tag-suomi","25":"tag-top-stories","26":"tag-topstories","27":"tag-uutiset"},"share_on_mastodon":{"url":"https:\/\/pubeurope.com\/@fi\/115610588701734299","error":""},"_links":{"self":[{"href":"https:\/\/www.europesays.com\/fi\/wp-json\/wp\/v2\/posts\/99651","targetHints":{"allow":["GET"]}}],"collection":[{"href":"https:\/\/www.europesays.com\/fi\/wp-json\/wp\/v2\/posts"}],"about":[{"href":"https:\/\/www.europesays.com\/fi\/wp-json\/wp\/v2\/types\/post"}],"author":[{"embeddable":true,"href":"https:\/\/www.europesays.com\/fi\/wp-json\/wp\/v2\/users\/2"}],"replies":[{"embeddable":true,"href":"https:\/\/www.europesays.com\/fi\/wp-json\/wp\/v2\/comments?post=99651"}],"version-history":[{"count":0,"href":"https:\/\/www.europesays.com\/fi\/wp-json\/wp\/v2\/posts\/99651\/revisions"}],"wp:featuredmedia":[{"embeddable":true,"href":"https:\/\/www.europesays.com\/fi\/wp-json\/wp\/v2\/media\/99652"}],"wp:attachment":[{"href":"https:\/\/www.europesays.com\/fi\/wp-json\/wp\/v2\/media?parent=99651"}],"wp:term":[{"taxonomy":"category","embeddable":true,"href":"https:\/\/www.europesays.com\/fi\/wp-json\/wp\/v2\/categories?post=99651"},{"taxonomy":"post_tag","embeddable":true,"href":"https:\/\/www.europesays.com\/fi\/wp-json\/wp\/v2\/tags?post=99651"}],"curies":[{"name":"wp","href":"https:\/\/api.w.org\/{rel}","templated":true}]}}