{"id":99655,"date":"2025-11-25T13:43:10","date_gmt":"2025-11-25T13:43:10","guid":{"rendered":"https:\/\/www.europesays.com\/fi\/99655\/"},"modified":"2025-11-25T13:43:10","modified_gmt":"2025-11-25T13:43:10","slug":"jos-aiomme-tehda-taman-nyt-on-viimeinen-hetki-suosittu-kotimainen-poikabandi-tekee-paluun","status":"publish","type":"post","link":"https:\/\/www.europesays.com\/fi\/99655\/","title":{"rendered":"\u201dJos aiomme tehd\u00e4 t\u00e4m\u00e4n, nyt on viimeinen hetki&#8221; \u2013 Suosittu kotimainen poikab\u00e4ndi tekee paluun"},"content":{"rendered":"<p>1990-luvulla suosiota niitt\u00e4nyt poikab\u00e4ndi XL5 tekee paluun. Yhtye juhlistaa ensi vuonna 30-vuotista taivaltaan julkaisemalla perjantaina 28. marraskuuta p\u00e4ivitetyn version hitist\u00e4\u00e4n Kaunis peto. Uusi single, Kaunis peto 2025, on <strong>Aleksi Asialan <\/strong>ja <strong>Veikka Erkolan<\/strong> tuottama. Tuottajakaksikko kertoo halunneensa \u201dp\u00e4ivitt\u00e4\u00e4 biisi soundillisesti t\u00e4h\u00e4n p\u00e4iv\u00e4\u00e4n, mutta samalla s\u00e4ilytt\u00e4\u00e4 siin\u00e4 se ys\u00e4rin energia\u201d.<\/p>\n<p>XL5 perustettiin vuonna 1996, ja sen kaksi albumia Pedon merkki (1995) ja J\u00e4\u00e4t\u00e4 ja tulta (1996) myiv\u00e4t yhteens\u00e4 yli 50 000 kappaletta. XL5 nousi nopeasti suursuosioon erityisesti Kaunis peto -esikoissinglens\u00e4 voimalla.<\/p>\n<p>Paluusta tekee poikkeuksellisen se, ett\u00e4 mukana ovat kaikki XL5:ss\u00e4 vuosien varrella vaikuttaneet j\u00e4senet: M<strong>ika Ikonen, Pete Tolonen, Jake Jokivalli, Miika \u201dElo\u201d Eloranta, Perttu \u201dJami\u201d Jaakkola<\/strong> sek\u00e4 <strong>Toni \u201dTontsa\u201d Uotila<\/strong>. Kuusikko esiintyy ensi kes\u00e4n\u00e4 ensimm\u00e4ist\u00e4 kertaa yhdess\u00e4. \u201dJos aiomme tehd\u00e4 t\u00e4m\u00e4n, nyt on viimeinen hetki. T\u00e4st\u00e4 paluusta tekee historiallisen se, ett\u00e4 kaikki ovat mukana. One louder \u2013 viiden sijasta kuusi\u201d, Mika Ikonen sanoo tiedotteessa.<\/p>\n<p>Lue my\u00f6s: <a href=\"https:\/\/www.voice.fi\/musiikki\/tampere-city-festival-julkaisi-ensimmaiset-esiintyjansa-menossa-mukana-muun-muassa-flo-rida-ja-kapasiteettiyksikko\" title=\"Tampere City Festival julkaisi ensimm\u00e4iset esiintyj\u00e4ns\u00e4 \u2013 menossa mukana muun muassa Flo Rida ja Kapasiteettiyksikk\u00f6\" class=\"underline-custom !font-montserrat !font-bold !underline-offset-4 !decoration-4 !decoration-tilt-light !text-md\" rel=\"nofollow noopener\" target=\"_blank\">Tampere City Festival julkaisi ensimm\u00e4iset esiintyj\u00e4ns\u00e4 \u2013 menossa mukana muun muassa Flo Rida ja Kapasiteettiyksikk\u00f6<\/a><\/p>\n<p>Vuoden 1998 kiertueen j\u00e4lkeen XL5 on esiintynyt vain satunnaisilla erikoiskeikoilla, mutta ei koskaan n\u00e4in t\u00e4ydell\u00e4 kokoonpanolla. Kes\u00e4lle 2026 on julkistettu nelj\u00e4 esiintymist\u00e4:<\/p>\n<ul class=\"wp-block-list\">\n<li>Helsinki City Festival 14.6.<\/li>\n<li>Sein\u00e4joen Vauhtiajot 16.7.<\/li>\n<li>Tampere City Festival 7.8.<\/li>\n<li>Espoon Tapiola Festivaali 15.8.<\/li>\n<\/ul>\n<p>Lis\u00e4\u00e4 keikkoja luvataan my\u00f6hemmin.<\/p>\n<p>Tiedote taustoittaa my\u00f6s j\u00e4senten vaiheita XL5:n j\u00e4lkeen: Ikonen on jatkanut monipuolisesti musiikin ja television parissa, Jaakkola siirtynyt media-alan kautta yritt\u00e4j\u00e4ksi, Jokivalli ty\u00f6skentelee myyntialalla, Tolonen jatkaa musiikin ja tekij\u00e4noikeuksien parissa, Elo on menestynyt Super8 &amp; Tab -duon j\u00e4senen\u00e4 ja Uotila palaa lavalle pitk\u00e4n tauon j\u00e4lkeen.<\/p>\n","protected":false},"excerpt":{"rendered":"1990-luvulla suosiota niitt\u00e4nyt poikab\u00e4ndi XL5 tekee paluun. Yhtye juhlistaa ensi vuonna 30-vuotista taivaltaan julkaisemalla perjantaina 28. marraskuuta p\u00e4ivitetyn&hellip;\n","protected":false},"author":2,"featured_media":99656,"comment_status":"","ping_status":"","sticky":false,"template":"","format":"standard","meta":{"footnotes":""},"categories":[136],"tags":[407,137,33,31,30,408,8972,32,109,19196],"class_list":{"0":"post-99655","1":"post","2":"type-post","3":"status-publish","4":"format-standard","5":"has-post-thumbnail","7":"category-julkkikset","8":"tag-celebrities","9":"tag-entertainment","10":"tag-fi","11":"tag-finland","12":"tag-finnish","13":"tag-julkkikset","14":"tag-keikat","15":"tag-suomi","16":"tag-viihde","17":"tag-xl5"},"share_on_mastodon":{"url":"https:\/\/pubeurope.com\/@fi\/115610635842340221","error":""},"_links":{"self":[{"href":"https:\/\/www.europesays.com\/fi\/wp-json\/wp\/v2\/posts\/99655","targetHints":{"allow":["GET"]}}],"collection":[{"href":"https:\/\/www.europesays.com\/fi\/wp-json\/wp\/v2\/posts"}],"about":[{"href":"https:\/\/www.europesays.com\/fi\/wp-json\/wp\/v2\/types\/post"}],"author":[{"embeddable":true,"href":"https:\/\/www.europesays.com\/fi\/wp-json\/wp\/v2\/users\/2"}],"replies":[{"embeddable":true,"href":"https:\/\/www.europesays.com\/fi\/wp-json\/wp\/v2\/comments?post=99655"}],"version-history":[{"count":0,"href":"https:\/\/www.europesays.com\/fi\/wp-json\/wp\/v2\/posts\/99655\/revisions"}],"wp:featuredmedia":[{"embeddable":true,"href":"https:\/\/www.europesays.com\/fi\/wp-json\/wp\/v2\/media\/99656"}],"wp:attachment":[{"href":"https:\/\/www.europesays.com\/fi\/wp-json\/wp\/v2\/media?parent=99655"}],"wp:term":[{"taxonomy":"category","embeddable":true,"href":"https:\/\/www.europesays.com\/fi\/wp-json\/wp\/v2\/categories?post=99655"},{"taxonomy":"post_tag","embeddable":true,"href":"https:\/\/www.europesays.com\/fi\/wp-json\/wp\/v2\/tags?post=99655"}],"curies":[{"name":"wp","href":"https:\/\/api.w.org\/{rel}","templated":true}]}}