{"id":99661,"date":"2025-11-25T13:49:04","date_gmt":"2025-11-25T13:49:04","guid":{"rendered":"https:\/\/www.europesays.com\/fi\/99661\/"},"modified":"2025-11-25T13:49:04","modified_gmt":"2025-11-25T13:49:04","slug":"thl-influenssakausi-alkamassa-tavallista-aikaisemmin-muuntunut-virus-leviaa","status":"publish","type":"post","link":"https:\/\/www.europesays.com\/fi\/99661\/","title":{"rendered":"THL: Influenssakausi alkamassa tavallista aikaisemmin, muuntunut virus levi\u00e4\u00e4"},"content":{"rendered":"<p>Sairaudet|Viruksen uuden alatyypin rakenne poikkeaa Suomessakin k\u00e4ytetyn rokotteen virusrakenteesta.<\/p>\n<p>Lue tiivistelm\u00e4<\/p>\n<p>Tiivistelm\u00e4 on teko\u00e4lyn tekem\u00e4 ja ihmisen tarkistama.<\/p>\n<p class=\"article-body mb-nof-24 px-nof-16 sndp-summary-bullet-point-font\">Terveyden ja hyvinvoinnin laitos THL kertoo, ett\u00e4 influenssalisi on Suomessa alkamassa tavallista aikaisemmin.<\/p>\n<p class=\"article-body mb-nof-24 px-nof-16 sndp-summary-bullet-point-font\">Euroopan tautienehk\u00e4isy- ja valvontakeskus ECDC suosittelee etenkin riskiryhmiin kuuluvia ottamaan influenssarokotteen viipym\u00e4tt\u00e4.<\/p>\n<p class=\"article-body mb-nof-24 px-nof-16 sndp-summary-bullet-point-font\">Suomessa havaittu muuntunut influenssaviruksen alatyyppi H3N2 poikkeaa k\u00e4ytetyn rokotteen virusrakenteesta, mutta rokotus on silti paras suoja tautia vastaan.<\/p>\n<p class=\"article-body mb-nof-24 px-nof-16 sndp-summary-bullet-point-font\">THL:n ylil\u00e4\u00e4k\u00e4ri Hanna Noinek sanoo, ett\u00e4 rokotteen suojateho voi olla odotettua heikompi, mutta rokotus kannattaa ottaa silti.<\/p>\n<p class=\"article-body mb-nof-24 px-nof-16\">Terveyden ja hyvinvoinnin laitoksen mukaan influenssakausi on Suomessa k\u00e4ynnistym\u00e4ss\u00e4 ja havaittujen tapausten m\u00e4\u00e4r\u00e4 on kasvussa.<\/p>\n<p class=\"article-body mb-nof-24 px-nof-16\">THL:n tiedotteen mukaan useat maat eri puolilla maailmaa, my\u00f6s Euroopassa, ovat raportoineet influenssakauden alkaneen t\u00e4n\u00e4 vuonna poikkeuksellisen varhain.<\/p>\n<p class=\"article-body mb-nof-24 px-nof-16\">Influenssakauden varhaisen alkamisen takia Euroopan tautienehk\u00e4isy- ja valvontakeskus (ECDC) suosittelee, ett\u00e4 etenkin riskiryhmiin kuuluvat k\u00e4yv\u00e4t ottamassa influenssarokotteen viipym\u00e4tt\u00e4. Rokotussuojan syntymiseen menee noin kaksi viikkoa.<\/p>\n<p class=\"article-body mb-nof-24 px-nof-16\">Influenssaviruksille on THL:n mukaan ominaista nopea muuntuminen ja influenssakauden aikana kiert\u00e4\u00e4 useita viruksen alatyyppej\u00e4.<\/p>\n<p class=\"article-body mb-nof-24 px-nof-16\">Kes\u00e4n aikana A-virukset ovat muuntuneet ja uusi viruksen alatyyppi H3N2 on levinnyt laajasti eri puolille maailmaa. Suomessa syksyn aikana tarkemmin tutkitut influenssavirukset ovat p\u00e4\u00e4osin olleet t\u00e4t\u00e4 muuntunutta tyyppi\u00e4.<\/p>\n<p class=\"article-body mb-nof-24 px-nof-16\">Viruksen alatyypin rakenne poikkeaa Suomessakin k\u00e4ytetyn rokotteen virusrakenteesta.<\/p>\n<p class=\"article-body mb-nof-24 px-nof-16\">\u201dJos tautia aiheuttava viruskanta eroaa rokotteen valmistuksessa k\u00e4ytetyst\u00e4 kannasta, rokotteen suojateho voi olla odotettua heikompi. Rokotus on kuitenkin edelleen paras suoja influenssaa vastaan\u201d, sanoo THL:n ylil\u00e4\u00e4k\u00e4ri <a class=\"article-personlink\" href=\"https:\/\/www.hs.fi\/haku\/?query=Hanna%20Nohynek\" rel=\"nofollow noopener\" target=\"_blank\">Hanna Nohynek<\/a> tiedotteessa.<\/p>\n<p class=\"article-body mb-nof-24 px-nof-16\">Tiedotteen mukaan rokotteen suojatehoon vaikuttavat my\u00f6s ik\u00e4, perustaudit, vastustuskyky\u00e4 alentavat hoidot sek\u00e4 kuinka kauan aikaa rokottamisesta on kulunut ennen influenssatartuntaan.<\/p>\n<p class=\"article-body mb-nof-24 px-nof-16\">Rokote kannattaa THL:n mukaan ottaa viel\u00e4 influenssakauden k\u00e4ynnistytty\u00e4kin.<\/p>\n<p class=\"article-body mb-nof-24 px-nof-16\">Influenssarokotukset ovat THL:n mukaan k\u00e4ynniss\u00e4 koko Suomessa. Alle 7-vuotiailla rokotuskattavuus oli viime viikon alussa 22 prosenttia ja yli 65-vuotiailla 46 prosenttia.<\/p>\n<p class=\"article-body mb-nof-24 px-nof-16\">THL suosittelee influenssarokotetta kaikille alle 7-vuotiaille ja yli 65-vuotiaille, raskaana oleville, sairautensa tai hoitonsa vuoksi riskiryhm\u00e4\u00e4n kuuluville, asepalveluksensa aloittaville, sosiaali- ja terveydenhuollon sek\u00e4 l\u00e4\u00e4kehuollon henkil\u00f6st\u00f6lle, pitk\u00e4aikaisesti laitosmaisissa olosuhteissa asuville tai oleskeleville sek\u00e4 vakavalle influenssalle erityisen alttiiden henkil\u00f6iden l\u00e4hipiirille.<\/p>\n","protected":false},"excerpt":{"rendered":"Sairaudet|Viruksen uuden alatyypin rakenne poikkeaa Suomessakin k\u00e4ytetyn rokotteen virusrakenteesta. Lue tiivistelm\u00e4 Tiivistelm\u00e4 on teko\u00e4lyn tekem\u00e4 ja ihmisen tarkistama.&hellip;\n","protected":false},"author":2,"featured_media":99662,"comment_status":"","ping_status":"","sticky":false,"template":"","format":"standard","meta":{"footnotes":""},"categories":[165],"tags":[33,31,30,166,46,32,167],"class_list":{"0":"post-99661","1":"post","2":"type-post","3":"status-publish","4":"format-standard","5":"has-post-thumbnail","7":"category-terveys","8":"tag-fi","9":"tag-finland","10":"tag-finnish","11":"tag-health","12":"tag-helsingin-sanomat","13":"tag-suomi","14":"tag-terveys"},"share_on_mastodon":{"url":"https:\/\/pubeurope.com\/@fi\/115610659336171276","error":""},"_links":{"self":[{"href":"https:\/\/www.europesays.com\/fi\/wp-json\/wp\/v2\/posts\/99661","targetHints":{"allow":["GET"]}}],"collection":[{"href":"https:\/\/www.europesays.com\/fi\/wp-json\/wp\/v2\/posts"}],"about":[{"href":"https:\/\/www.europesays.com\/fi\/wp-json\/wp\/v2\/types\/post"}],"author":[{"embeddable":true,"href":"https:\/\/www.europesays.com\/fi\/wp-json\/wp\/v2\/users\/2"}],"replies":[{"embeddable":true,"href":"https:\/\/www.europesays.com\/fi\/wp-json\/wp\/v2\/comments?post=99661"}],"version-history":[{"count":0,"href":"https:\/\/www.europesays.com\/fi\/wp-json\/wp\/v2\/posts\/99661\/revisions"}],"wp:featuredmedia":[{"embeddable":true,"href":"https:\/\/www.europesays.com\/fi\/wp-json\/wp\/v2\/media\/99662"}],"wp:attachment":[{"href":"https:\/\/www.europesays.com\/fi\/wp-json\/wp\/v2\/media?parent=99661"}],"wp:term":[{"taxonomy":"category","embeddable":true,"href":"https:\/\/www.europesays.com\/fi\/wp-json\/wp\/v2\/categories?post=99661"},{"taxonomy":"post_tag","embeddable":true,"href":"https:\/\/www.europesays.com\/fi\/wp-json\/wp\/v2\/tags?post=99661"}],"curies":[{"name":"wp","href":"https:\/\/api.w.org\/{rel}","templated":true}]}}