{"id":99681,"date":"2025-11-25T14:17:09","date_gmt":"2025-11-25T14:17:09","guid":{"rendered":"https:\/\/www.europesays.com\/fi\/99681\/"},"modified":"2025-11-25T14:17:09","modified_gmt":"2025-11-25T14:17:09","slug":"neljas-louvren-ryostosta-epailty-mies-on-pidatetty-uutisia-lyhyesti","status":"publish","type":"post","link":"https:\/\/www.europesays.com\/fi\/99681\/","title":{"rendered":"Nelj\u00e4s Louvren ry\u00f6st\u00f6st\u00e4 ep\u00e4ilty mies on pid\u00e4tetty | Uutisia lyhyesti"},"content":{"rendered":"<p class=\"aw-1gybjub aw-5vja16 kEtdKx kmuxyA yle__article__paragraph\">Lis\u00e4ksi kolme muuta on pid\u00e4tetty.<\/p>\n<p><img decoding=\"async\" alt=\"Louvren ry\u00f6st\u00f6ss\u00e4 k\u00e4ytetty tikasauto.\" src=\"https:\/\/www.europesays.com\/fi\/wp-content\/uploads\/2025\/11\/39-154090868f6161f57a11.jpeg\" class=\"aw-1l9m598 hKVVvP\"\/><\/p>\n<p>Avaa kuvien katselu<\/p>\n<p>Varkaiden k\u00e4ytt\u00e4m\u00e4 tikasauto Louvren seinustalla. Arkistokuva lokakuulta 2025. Kuva: Mohammed Badra \/ EPA<\/p>\n<p>15:18\u2022P\u00e4ivitetty 16:06<\/p>\n<p class=\"aw-1gybjub aw-1p7kakr kEtdKx cEmitX yle__article__paragraph\">Nelj\u00e4s Louvren jalokiviry\u00f6st\u00f6st\u00e4 ep\u00e4ilty mies on pid\u00e4tetty, kertoi <a class=\"aw-iao6s4 iHOxEa yle__article__link\" href=\"https:\/\/www.leparisien.fr\/faits-divers\/casse-du-siecle-au-louvre-le-quatrieme-homme-du-commando-interpelle-25-11-2025-ADTZVDQHZZCEFNNYUC5JUMZJDY.php\" role=\"link\" rel=\"nofollow noopener\" target=\"_blank\">Le Parisien<\/a> tiistaina.<\/p>\n<p class=\"aw-1gybjub aw-1p7kakr kEtdKx cEmitX yle__article__paragraph\">Mies otettiin kiinni tiistaiaamuna Pariisissa. H\u00e4nen kerrotaan olevan poliisille ennest\u00e4\u00e4n tuttu.<\/p>\n<p class=\"aw-1gybjub aw-1p7kakr kEtdKx cEmitX yle__article__paragraph\">Lis\u00e4ksi poliisi pid\u00e4tti kolme muuta henkil\u00f6\u00e4. Kiinniotetut ovat 38- ja 39-vuotiaat miehet, sek\u00e4 31- ja 40-vuotiaat naiset. Asiasta kertoi Pariisin syytt\u00e4j\u00e4nvirasto tiedotteessaan tiistaina.<\/p>\n<p class=\"aw-1gybjub aw-1p7kakr kEtdKx cEmitX yle__article__paragraph\">Sunnuntaina 19. lokakuuta <a class=\"aw-iao6s4 iHOxEa yle__article__link\" href=\"https:\/\/yle.fi\/a\/74-20189242\" role=\"link\" rel=\"nofollow noopener\" target=\"_blank\">Louvreen tehtiin poikkeuksellisen r\u00f6yhke\u00e4 ry\u00f6st\u00f6<\/a> kesken museon aukiolon. Nelj\u00e4 ry\u00f6st\u00e4j\u00e4\u00e4 iski Louvreen puolisen tuntia sen avautumisen j\u00e4lkeen, noin puoli kymmenelt\u00e4 aamulla.<\/p>\n<p class=\"aw-1gybjub aw-1p7kakr kEtdKx cEmitX yle__article__paragraph\">Saaliikseen varkaat saivat kahdeksan mittaamattoman arvokasta jalokivikorua.<\/p>\n<p class=\"aw-1gybjub aw-1p7kakr kEtdKx cEmitX yle__article__paragraph\">Jalokivi\u00e4 ei ole t\u00e4h\u00e4n menness\u00e4 saatu takaisin.<\/p>\n<p class=\"aw-1gybjub aw-1p7kakr kEtdKx cEmitX yle__article__paragraph\">L\u00e4hde: Reuters<\/p>\n","protected":false},"excerpt":{"rendered":"Lis\u00e4ksi kolme muuta on pid\u00e4tetty. Avaa kuvien katselu Varkaiden k\u00e4ytt\u00e4m\u00e4 tikasauto Louvren seinustalla. Arkistokuva lokakuulta 2025. Kuva: Mohammed&hellip;\n","protected":false},"author":2,"featured_media":99682,"comment_status":"","ping_status":"","sticky":false,"template":"","format":"standard","meta":{"footnotes":""},"categories":[130],"tags":[137,33,31,30,15136,1422,581,32,56,109],"class_list":{"0":"post-99681","1":"post","2":"type-post","3":"status-publish","4":"format-standard","5":"has-post-thumbnail","7":"category-viihde","8":"tag-entertainment","9":"tag-fi","10":"tag-finland","11":"tag-finnish","12":"tag-louvre","13":"tag-ranska","14":"tag-rikokset","15":"tag-suomi","16":"tag-ulkomaat","17":"tag-viihde"},"share_on_mastodon":{"url":"https:\/\/pubeurope.com\/@fi\/115610769533916725","error":""},"_links":{"self":[{"href":"https:\/\/www.europesays.com\/fi\/wp-json\/wp\/v2\/posts\/99681","targetHints":{"allow":["GET"]}}],"collection":[{"href":"https:\/\/www.europesays.com\/fi\/wp-json\/wp\/v2\/posts"}],"about":[{"href":"https:\/\/www.europesays.com\/fi\/wp-json\/wp\/v2\/types\/post"}],"author":[{"embeddable":true,"href":"https:\/\/www.europesays.com\/fi\/wp-json\/wp\/v2\/users\/2"}],"replies":[{"embeddable":true,"href":"https:\/\/www.europesays.com\/fi\/wp-json\/wp\/v2\/comments?post=99681"}],"version-history":[{"count":0,"href":"https:\/\/www.europesays.com\/fi\/wp-json\/wp\/v2\/posts\/99681\/revisions"}],"wp:featuredmedia":[{"embeddable":true,"href":"https:\/\/www.europesays.com\/fi\/wp-json\/wp\/v2\/media\/99682"}],"wp:attachment":[{"href":"https:\/\/www.europesays.com\/fi\/wp-json\/wp\/v2\/media?parent=99681"}],"wp:term":[{"taxonomy":"category","embeddable":true,"href":"https:\/\/www.europesays.com\/fi\/wp-json\/wp\/v2\/categories?post=99681"},{"taxonomy":"post_tag","embeddable":true,"href":"https:\/\/www.europesays.com\/fi\/wp-json\/wp\/v2\/tags?post=99681"}],"curies":[{"name":"wp","href":"https:\/\/api.w.org\/{rel}","templated":true}]}}