{"id":99691,"date":"2025-11-25T14:35:09","date_gmt":"2025-11-25T14:35:09","guid":{"rendered":"https:\/\/www.europesays.com\/fi\/99691\/"},"modified":"2025-11-25T14:35:09","modified_gmt":"2025-11-25T14:35:09","slug":"arnold-schwarzenegger-jarjesti-sotaveteraaneille-oman-elokuvanaytoksen-miettikaa-mita-voitte-itse-tehda","status":"publish","type":"post","link":"https:\/\/www.europesays.com\/fi\/99691\/","title":{"rendered":"Arnold Schwarzenegger j\u00e4rjesti sotaveteraaneille oman elokuvan\u00e4yt\u00f6ksen: \u201cMiettik\u00e4\u00e4 mit\u00e4 voitte itse tehd\u00e4\u201d"},"content":{"rendered":"<p>Kuva: \u00a9 2025 Netflix, Inc.<\/p>\n<p>Arnold Schwarzenegger tarjosi sotaveteraaneille uuden The Running Man -elokuvan.<\/p>\n<p><a href=\"https:\/\/muropaketti.com\/avainsana\/arnold-schwarzenegger\/\" rel=\"nofollow noopener\" target=\"_blank\">Arnold Schwarzenegger <\/a>on tehnyt hyv\u00e4ntekev\u00e4isyytt\u00e4 tarjoamalla amerikkalaisille sotaveteraaneille elokuvan\u00e4yt\u00f6ksen veteraanip\u00e4iv\u00e4n\u00e4 11. marraskuuta.<\/p>\n<p>Schwarzenegger kertoi asiasta <a href=\"https:\/\/www.instagram.com\/reel\/DRPZZTUESJ4\" target=\"_blank\" rel=\"noreferrer noopener nofollow\">Instagramissaan<\/a>, miss\u00e4 h\u00e4n selitt\u00e4\u00e4 p\u00e4\u00e4tyneens\u00e4 ratkaisuunsa kuultuaan, ett\u00e4 veteraanien oma elokuvateatteri ei ole k\u00e4ytt\u00f6kunnossa. Yhdess\u00e4 Skydancen ja Paramount Picturesin kanssa Schwarzenegger j\u00e4rjesti n\u00e4yt\u00f6ksen, jossa esitettiin uusi The Running Man -elokuva.<\/p>\n<p>\u201cTee hyv\u00e4\u00e4 aina kun voit. Se on suurin voimavarasi, \u00e4l\u00e4k\u00e4 anna kenenk\u00e4\u00e4n vied\u00e4 sit\u00e4 sinulta. Ei hallituksen, ei sosiaalisen median, ei poliitikkojen. Kun haluat valittaa jostakin ik\u00e4v\u00e4st\u00e4, mieti mit\u00e4 hyv\u00e4\u00e4 voisit tehd\u00e4\u201d, Schwarzenegger kirjoittaa julkaisemansa videon oheen.<\/p>\n<blockquote class=\"instagram-media\" data-instgrm-captioned=\"\" data-instgrm-permalink=\"https:\/\/www.instagram.com\/reel\/DRPZZTUESJ4\/?utm_source=ig_embed&amp;utm_campaign=loading\" data-instgrm-version=\"14\" style=\" background:#FFF; border:0; border-radius:3px; box-shadow:0 0 1px 0 rgba(0,0,0,0.5),0 1px 10px 0 rgba(0,0,0,0.15); margin: 1px; max-width:540px; min-width:326px; padding:0; width:99.375%; width:-webkit-calc(100% - 2px); width:calc(100% - 2px);\"\/>\n<p>Schwarzenegger n\u00e4ytteli p\u00e4\u00e4osaa vuonna 1987 julkaistussa versiossa Stephen Kingin The Running Manista. Uudessa elokuvassa p\u00e4\u00e4osassa n\u00e4hd\u00e4\u00e4n Glen Powell, mutta my\u00f6s Schwarzenegger vilahtaa \u2013 ainakin tavallaan \u2013 mukana pienen\u00e4 easter eggin\u00e4.<\/p>\n<p><script async src=\"\/\/www.instagram.com\/embed.js\"><\/script><\/p>\n","protected":false},"excerpt":{"rendered":"Kuva: \u00a9 2025 Netflix, Inc. Arnold Schwarzenegger tarjosi sotaveteraaneille uuden The Running Man -elokuvan. Arnold Schwarzenegger on tehnyt&hellip;\n","protected":false},"author":2,"featured_media":99692,"comment_status":"","ping_status":"","sticky":false,"template":"","format":"standard","meta":{"footnotes":""},"categories":[136],"tags":[526,407,137,33,31,30,408,32,5464,109],"class_list":{"0":"post-99691","1":"post","2":"type-post","3":"status-publish","4":"format-standard","5":"has-post-thumbnail","7":"category-julkkikset","8":"tag-arnold-schwarzenegger","9":"tag-celebrities","10":"tag-entertainment","11":"tag-fi","12":"tag-finland","13":"tag-finnish","14":"tag-julkkikset","15":"tag-suomi","16":"tag-the-running-man","17":"tag-viihde"},"share_on_mastodon":{"url":"https:\/\/pubeurope.com\/@fi\/115610840164621412","error":""},"_links":{"self":[{"href":"https:\/\/www.europesays.com\/fi\/wp-json\/wp\/v2\/posts\/99691","targetHints":{"allow":["GET"]}}],"collection":[{"href":"https:\/\/www.europesays.com\/fi\/wp-json\/wp\/v2\/posts"}],"about":[{"href":"https:\/\/www.europesays.com\/fi\/wp-json\/wp\/v2\/types\/post"}],"author":[{"embeddable":true,"href":"https:\/\/www.europesays.com\/fi\/wp-json\/wp\/v2\/users\/2"}],"replies":[{"embeddable":true,"href":"https:\/\/www.europesays.com\/fi\/wp-json\/wp\/v2\/comments?post=99691"}],"version-history":[{"count":0,"href":"https:\/\/www.europesays.com\/fi\/wp-json\/wp\/v2\/posts\/99691\/revisions"}],"wp:featuredmedia":[{"embeddable":true,"href":"https:\/\/www.europesays.com\/fi\/wp-json\/wp\/v2\/media\/99692"}],"wp:attachment":[{"href":"https:\/\/www.europesays.com\/fi\/wp-json\/wp\/v2\/media?parent=99691"}],"wp:term":[{"taxonomy":"category","embeddable":true,"href":"https:\/\/www.europesays.com\/fi\/wp-json\/wp\/v2\/categories?post=99691"},{"taxonomy":"post_tag","embeddable":true,"href":"https:\/\/www.europesays.com\/fi\/wp-json\/wp\/v2\/tags?post=99691"}],"curies":[{"name":"wp","href":"https:\/\/api.w.org\/{rel}","templated":true}]}}