{"id":99706,"date":"2025-11-25T15:01:12","date_gmt":"2025-11-25T15:01:12","guid":{"rendered":"https:\/\/www.europesays.com\/fi\/99706\/"},"modified":"2025-11-25T15:01:12","modified_gmt":"2025-11-25T15:01:12","slug":"valtteri-sandberg-rikkoo-hiljaisuuden","status":"publish","type":"post","link":"https:\/\/www.europesays.com\/fi\/99706\/","title":{"rendered":"Valtteri Sandberg rikkoo hiljaisuuden"},"content":{"rendered":"<p>Valtteri Sandbergin entisen kumppanin blogikirjoitus sai runsaasti huomiota sosiaalisessa mediassa.<\/p>\n<p><img decoding=\"async\" class=\"image image-show image-preview\" src=\"https:\/\/www.europesays.com\/fi\/wp-content\/uploads\/2025\/11\/13eb053245b9638577d0ce1001e78c48df7487ded9ebb7f19ba56df5a121ab00.jpg\" alt=\"\"\/><img decoding=\"async\" class=\"image image-show\" src=\"https:\/\/www.europesays.com\/fi\/wp-content\/uploads\/2025\/11\/1764082872_926_13eb053245b9638577d0ce1001e78c48df7487ded9ebb7f19ba56df5a121ab00.jpg\" alt=\"\"\/><\/p>\n<p>Kuvassa Valtteri Sandberg. Tuuli Syrj\u00e4l\u00e4<\/p>\n<p class=\"paragraph\">Bloggari <strong>Valtteri Sandberg<\/strong> rikkoo hiljaisuuden erokohustaan Instagramissa. Sandbergin entinen kumppani Janne Naakka <a href=\"https:\/\/www.iltalehti.fi\/viihdeuutiset\/272276e6-bca5-43f7-b97e-50e024298c53\" rel=\"nofollow noopener\" target=\"_blank\">julkaisi hiljattain blogikirjoituksen<\/a>, jossa esitettiin erilaisia v\u00e4itteit\u00e4 heid\u00e4n v\u00e4lisest\u00e4 parisuhteestaan. Blogiteksti sai runsaasti huomiota sosiaalisessa mediassa.<\/p>\n<p class=\"paragraph\">Sandberg toteaa juuri julkaisemansa kirjoituksen alkupuolella, ett\u00e4 h\u00e4n on hyvin pahoillaan siit\u00e4, mit\u00e4 h\u00e4n on entiselle kumppanilleen aiheuttanut.<\/p>\n<p class=\"paragraph\">Sandberg kommentoi blogikirjoituksessa esitetty\u00e4 v\u00e4itett\u00e4, ett\u00e4 Sandberg olisi pett\u00e4nyt Naakkaa somevaikuttaja <strong>Mikael Renwallin<\/strong> kanssa. Samalla h\u00e4n my\u00f6s kommentoi suhdettaan somevaikuttaja <strong>Joona Hellmaniin<\/strong>.<\/p>\n<p class=\"paragraph\">\u2013 Minun ja Mikael Renwallin v\u00e4lill\u00e4 on tapahtunut pusu vuoden 2017 talvena baari-illan p\u00e4\u00e4tteeksi, joka on ainoa kerta, kun v\u00e4lill\u00e4mme on tapahtunut jotain. Joona Hellman on yksi parhaista yst\u00e4vist\u00e4ni eik\u00e4 v\u00e4lill\u00e4mme ole ollut koskaan mit\u00e4\u00e4n muuta kuin yst\u00e4vyytt\u00e4.<\/p>\n<p class=\"paragraph\">Sandberg sanoo kirjoituksessa, ett\u00e4 h\u00e4n on kantanut asiaan ja tekoihinsa liittyen pitk\u00e4\u00e4n h\u00e4pe\u00e4\u00e4.<\/p>\n<p class=\"paragraph\">Katso julkaisu alapuolelta. Jos julkaisu ei n\u00e4y, voit katsoa sen <a href=\"https:\/\/www.instagram.com\/p\/DRe02U3CDMS\/\" rel=\"noopener nofollow\" target=\"_blank\">t\u00e4st\u00e4 linkist\u00e4<\/a>.<\/p>\n<p class=\"paragraph\">Renwall kommentoi Sandbergin blogiteksti\u00e4 pitk\u00e4ll\u00e4 kirjoituksella, jossa h\u00e4n totesi ihmissuhteiden olevan oppikokemuksia.<\/p>\n<p class=\"paragraph\">\u2013 En usko et maailmassa on ket\u00e4\u00e4n, joka vois sanoa olevansa kaikilta teoiltaan t\u00e4ysin putipuhdas. Me elet\u00e4\u00e4n t\u00e4\u00e4ll\u00e4 ekaa kertaa ja vaikka moni asia tai toiminta oliskin rehellisen perseest\u00e4, niin useimmat niist\u00e4 on kuitenkin sellaisia, joista voi ja pit\u00e4\u00e4 voida antaa anteeksi, kommentissa sanotaan muun muassa.<\/p>\n<p class=\"paragraph\">Somesta tuttu pariskunta, eli Sandberg ja Naakka, olivat yhdess\u00e4 12 vuoden ajan.<\/p>\n<p><script async src=\"\/\/www.instagram.com\/embed.js\"><\/script><\/p>\n","protected":false},"excerpt":{"rendered":"Valtteri Sandbergin entisen kumppanin blogikirjoitus sai runsaasti huomiota sosiaalisessa mediassa. Kuvassa Valtteri Sandberg. Tuuli Syrj\u00e4l\u00e4 Bloggari Valtteri Sandberg&hellip;\n","protected":false},"author":2,"featured_media":99707,"comment_status":"","ping_status":"","sticky":false,"template":"","format":"standard","meta":{"footnotes":""},"categories":[136],"tags":[35,407,4492,137,33,31,30,101,148,147,408,979,32,109],"class_list":{"0":"post-99706","1":"post","2":"type-post","3":"status-publish","4":"format-standard","5":"has-post-thumbnail","7":"category-julkkikset","8":"tag-24h","9":"tag-celebrities","10":"tag-digimedia","11":"tag-entertainment","12":"tag-fi","13":"tag-finland","14":"tag-finnish","15":"tag-ihmissuhteet","16":"tag-internet","17":"tag-internet-palvelut","18":"tag-julkkikset","19":"tag-sahkoinen-media","20":"tag-suomi","21":"tag-viihde"},"share_on_mastodon":{"url":"https:\/\/pubeurope.com\/@fi\/115610942537648634","error":""},"_links":{"self":[{"href":"https:\/\/www.europesays.com\/fi\/wp-json\/wp\/v2\/posts\/99706","targetHints":{"allow":["GET"]}}],"collection":[{"href":"https:\/\/www.europesays.com\/fi\/wp-json\/wp\/v2\/posts"}],"about":[{"href":"https:\/\/www.europesays.com\/fi\/wp-json\/wp\/v2\/types\/post"}],"author":[{"embeddable":true,"href":"https:\/\/www.europesays.com\/fi\/wp-json\/wp\/v2\/users\/2"}],"replies":[{"embeddable":true,"href":"https:\/\/www.europesays.com\/fi\/wp-json\/wp\/v2\/comments?post=99706"}],"version-history":[{"count":0,"href":"https:\/\/www.europesays.com\/fi\/wp-json\/wp\/v2\/posts\/99706\/revisions"}],"wp:featuredmedia":[{"embeddable":true,"href":"https:\/\/www.europesays.com\/fi\/wp-json\/wp\/v2\/media\/99707"}],"wp:attachment":[{"href":"https:\/\/www.europesays.com\/fi\/wp-json\/wp\/v2\/media?parent=99706"}],"wp:term":[{"taxonomy":"category","embeddable":true,"href":"https:\/\/www.europesays.com\/fi\/wp-json\/wp\/v2\/categories?post=99706"},{"taxonomy":"post_tag","embeddable":true,"href":"https:\/\/www.europesays.com\/fi\/wp-json\/wp\/v2\/tags?post=99706"}],"curies":[{"name":"wp","href":"https:\/\/api.w.org\/{rel}","templated":true}]}}