{"id":99768,"date":"2025-11-25T16:32:10","date_gmt":"2025-11-25T16:32:10","guid":{"rendered":"https:\/\/www.europesays.com\/fi\/99768\/"},"modified":"2025-11-25T16:32:10","modified_gmt":"2025-11-25T16:32:10","slug":"is-jarvisydanta-haetaan-jalleen-konkurssiin-savo","status":"publish","type":"post","link":"https:\/\/www.europesays.com\/fi\/99768\/","title":{"rendered":"IS: J\u00e4rvisyd\u00e4nt\u00e4 haetaan j\u00e4lleen konkurssiin | Savo"},"content":{"rendered":"<p>Rantasalmella sijaitsevaa Lomakyl\u00e4 J\u00e4rvisyd\u00e4nt\u00e4 haetaan j\u00e4lleen konkurssiin, kertoo <a href=\"https:\/\/www.is.fi\/taloussanomat\/art-2000011650327.html\" rel=\"nofollow noopener\" target=\"_blank\">Ilta-Sanomat<\/a>.<\/p>\n<p>T\u00e4ll\u00e4 kertaa hakijana on hyvinvointialan yritt\u00e4jien <strong>Jutta<\/strong> ja <strong>Juha Larmin<\/strong> yritys Larm Marketing. Maksukyvytt\u00f6myysrekisterin mukaan hakemus on j\u00e4tetty Etel\u00e4-Savon k\u00e4r\u00e4j\u00e4oikeuteen tiistaina.<\/p>\n<p>J\u00e4rvisyd\u00e4n on ollut viime kuukausina toistuvasti ongelmissa. Elokuussa kylpyl\u00e4 jouduttiin sulkemaan legionella-ep\u00e4ilyn takia, ja syyskuussa J\u00e4rvisyd\u00e4nt\u00e4 haettiin konkurssiin maksamattomien velkojen takia. Tuolloin velat saatiin kuitenkin maksettua, ja toiminta jatkui normaalisti.<\/p>\n","protected":false},"excerpt":{"rendered":"Rantasalmella sijaitsevaa Lomakyl\u00e4 J\u00e4rvisyd\u00e4nt\u00e4 haetaan j\u00e4lleen konkurssiin, kertoo Ilta-Sanomat. T\u00e4ll\u00e4 kertaa hakijana on hyvinvointialan yritt\u00e4jien Jutta ja Juha&hellip;\n","protected":false},"author":2,"featured_media":99769,"comment_status":"","ping_status":"","sticky":false,"template":"","format":"standard","meta":{"footnotes":""},"categories":[12],"tags":[22,23,26,27,33,31,30,17,1167,24,25,28,29,2794,923,15,18,21,2063,2374,32,5289,19,20,16],"class_list":{"0":"post-99768","1":"post","2":"type-post","3":"status-publish","4":"format-standard","5":"has-post-thumbnail","7":"category-suomi","8":"tag-breaking-news","9":"tag-breakingnews","10":"tag-featured-news","11":"tag-featurednews","12":"tag-fi","13":"tag-finland","14":"tag-finnish","15":"tag-headlines","16":"tag-konkurssi","17":"tag-latest-news","18":"tag-latestnews","19":"tag-main-news","20":"tag-mainnews","21":"tag-majoitus-ja-ravitsemistoiminta","22":"tag-matkustaminen","23":"tag-news","24":"tag-otsikot","25":"tag-paauutiset","26":"tag-rantasalmi","27":"tag-savonlinnan-seutukunta","28":"tag-suomi","29":"tag-talousvaikeudet","30":"tag-top-stories","31":"tag-topstories","32":"tag-uutiset"},"share_on_mastodon":{"url":"https:\/\/pubeurope.com\/@fi\/115611300494660694","error":""},"_links":{"self":[{"href":"https:\/\/www.europesays.com\/fi\/wp-json\/wp\/v2\/posts\/99768","targetHints":{"allow":["GET"]}}],"collection":[{"href":"https:\/\/www.europesays.com\/fi\/wp-json\/wp\/v2\/posts"}],"about":[{"href":"https:\/\/www.europesays.com\/fi\/wp-json\/wp\/v2\/types\/post"}],"author":[{"embeddable":true,"href":"https:\/\/www.europesays.com\/fi\/wp-json\/wp\/v2\/users\/2"}],"replies":[{"embeddable":true,"href":"https:\/\/www.europesays.com\/fi\/wp-json\/wp\/v2\/comments?post=99768"}],"version-history":[{"count":0,"href":"https:\/\/www.europesays.com\/fi\/wp-json\/wp\/v2\/posts\/99768\/revisions"}],"wp:featuredmedia":[{"embeddable":true,"href":"https:\/\/www.europesays.com\/fi\/wp-json\/wp\/v2\/media\/99769"}],"wp:attachment":[{"href":"https:\/\/www.europesays.com\/fi\/wp-json\/wp\/v2\/media?parent=99768"}],"wp:term":[{"taxonomy":"category","embeddable":true,"href":"https:\/\/www.europesays.com\/fi\/wp-json\/wp\/v2\/categories?post=99768"},{"taxonomy":"post_tag","embeddable":true,"href":"https:\/\/www.europesays.com\/fi\/wp-json\/wp\/v2\/tags?post=99768"}],"curies":[{"name":"wp","href":"https:\/\/api.w.org\/{rel}","templated":true}]}}