{"id":99785,"date":"2025-11-25T16:58:09","date_gmt":"2025-11-25T16:58:09","guid":{"rendered":"https:\/\/www.europesays.com\/fi\/99785\/"},"modified":"2025-11-25T16:58:09","modified_gmt":"2025-11-25T16:58:09","slug":"sdp-pitaa-vasemmistoliiton-esittamia-veronkiristyksia-eparealistisina","status":"publish","type":"post","link":"https:\/\/www.europesays.com\/fi\/99785\/","title":{"rendered":"Sdp pit\u00e4\u00e4 vasemmistoliiton esitt\u00e4mi\u00e4 veronkiristyksi\u00e4 ep\u00e4realistisina"},"content":{"rendered":"<p>Sdp:n puheenjohtaja kysyy, ajavatko varakkaiden veroedut julkisen talouden vakauttamisen ohi kokoomuksen arvoasteikolla.<\/p>\n<p class=\"article-body mb-nof-24 px-nof-16\">Sdp:n puheenjohtaja <a class=\"article-personlink\" href=\"https:\/\/www.is.fi\/haku\/?query=Antti%20Lindtman\" rel=\"nofollow noopener\" target=\"_blank\">Antti Lindtman<\/a> sanoo kiinnitt\u00e4neens\u00e4 huomiota ulkoministeri <a class=\"article-personlink\" href=\"https:\/\/www.is.fi\/haku\/?query=Elina%20Valtosen\" rel=\"nofollow noopener\" target=\"_blank\">Elina Valtosen<\/a> (kok) haastattelussa <a class=\"article-genericlink\" href=\"https:\/\/www.kauppalehti.fi\/uutiset\/a\/fcce39f8-ab21-4dfa-9cd6-83053ca98ea8\" rel=\"nofollow noopener\" target=\"_blank\">Kauppalehdess\u00e4<\/a> siihen, ett\u00e4 julkisen talouden vakauttamista t\u00e4rke\u00e4mp\u00e4\u00e4 ovat veronkevennykset.<\/p>\n<p class=\"article-body mb-nof-24 px-nof-16\">\u2013 Itse kyll\u00e4 hiukan yll\u00e4tyin siit\u00e4 nyt, kun puolueet ovat sopineet yhdess\u00e4, ett\u00e4 julkinen talous laitetaan kuntoon ja pyrit\u00e4\u00e4n saamaan velkasuhde laskuun, Lindtman sanoi Sdp:n vaihtoehtobudjetin julkistustilaisuudessa Musiikkitalossa.<\/p>\n<p class=\"article-body mb-nof-24 px-nof-16\">\u2013 Onko sittenkin niin, ett\u00e4 veronkevennykset ja veroedut kaikista varakkaimmille ajavat kokoomuksen arvoasteikossa julkisen talouden vakauttamisen ohi, Lindtman kysyi.<\/p>\n<p class=\"article-body mb-nof-24 px-nof-16\">Valtonen sanoi haastattelussa, ett\u00e4 julkisen talouden tasapainottaminen ei voi olla ykk\u00f6stavoite, vaan ty\u00f6, yritt\u00e4jyys, riskinotto ja vaurastuminen.<\/p>\n<blockquote class=\"citation\">\n<p>\u201d<\/p>\n<p>Onko sittenkin niin, ett\u00e4 veronkevennykset ja veroedut kaikista varakkaimmille ajavat kokoomuksen arvoasteikossa julkisen talouden vakauttamisen ohi?<\/p>\n<\/blockquote>\n<p class=\"article-body mb-nof-24 px-nof-16\">Kauppalehden mukaan Valtosen mielest\u00e4 tuloverotuksen alentamisen ja progression loiventamisen lis\u00e4ksi perint\u00f6vero pit\u00e4isi poistaa kansalaisten vaurastumisen tielt\u00e4.<\/p>\n<p class=\"article-body mb-nof-24 px-nof-16\">Valtonen sanoi haastattelussa my\u00f6s, ett\u00e4 sopeuttaminen 50\u201350-periaatteella eli puolet leikkauksia ja puolet veronkiristyksi\u00e4 on \u201dtuhon tie\u201d.<\/p>\n<p class=\"article-body mb-nof-24 px-nof-16\">Sdp:n talousvastaava <a class=\"article-personlink\" href=\"https:\/\/www.is.fi\/haku\/?query=Joona%20R%C3%A4s%C3%A4nen\" rel=\"nofollow noopener\" target=\"_blank\">Joona R\u00e4s\u00e4nen<\/a> <a class=\"article-genericlink\" href=\"https:\/\/www.hs.fi\/politiikka\/art-2000011523911.html\" rel=\"nofollow noopener\" target=\"_blank\">on kertonut<\/a>, ett\u00e4 h\u00e4nen oma ajattelunsa l\u00e4htee siit\u00e4, ett\u00e4 ensi vaalikauden sopeutus l\u00e4htisi juuri fifty-fifty-ajattelusta.<\/p>\n<p class=\"article-body mb-nof-24 px-nof-16\">IS kysyi, onko 50\u201350 my\u00f6s puheenjohtaja Lindtmanin linja.<\/p>\n<p class=\"article-body mb-nof-24 px-nof-16\">\u2013 Me teemme vaaliohjelmamme samassa aikataulussa kuin muutkin puolueet. Sen talousohjelmapuolessa ei ole viel\u00e4 mit\u00e4\u00e4n lukkoon ly\u00f6tyj\u00e4 parametrej\u00e4, Lindtman vastasi.<\/p>\n<p><img decoding=\"async\" src=\"https:\/\/www.europesays.com\/fi\/wp-content\/uploads\/2025\/11\/1764089889_259_468.jpg\" alt=\"Sdp:n eduskuntaryhm\u00e4n puheenjohtaja Tytti Tuppurainen, puheenjohtaja Antti Lindtman ja talousvastaava, kansanedustaja Joona R\u00e4s\u00e4nen esitteliv\u00e4t Sdp:n vaihtoehtobudjetin.\" class=\"_Img_1rerz_1\" style=\"aspect-ratio:1.5047021943573669\" loading=\"eager\"\/><\/p>\n<p class=\"article-picture-caption\">Sdp:n eduskuntaryhm\u00e4n puheenjohtaja Tytti Tuppurainen, puheenjohtaja Antti Lindtman ja talousvastaava, kansanedustaja Joona R\u00e4s\u00e4nen esitteliv\u00e4t Sdp:n vaihtoehtobudjetin. Kuva:\u00a0Roni Rekomaa \/ Lehtikuva<\/p>\n<p class=\"article-body mb-nof-24 px-nof-16\">Sdp painotti, ett\u00e4 sen vaihtoehtobudjetti on \u201dvastuullinen vaihtoehto\u201d.<\/p>\n<p class=\"article-body mb-nof-24 px-nof-16\">My\u00f6s vasemmistoliitto julkisti tiistaina oman vaihtoehtobudjettinsa. Vasemmisto esitt\u00e4\u00e4 ensi vuodelle yli kuuden miljardin euron veronkiristyksi\u00e4. Vaihtoehtobudjetti lis\u00e4isi ty\u00f6tt\u00f6myytt\u00e4 liki 65\u202f000 ty\u00f6tt\u00f6m\u00e4ll\u00e4.<\/p>\n<p class=\"article-body mb-nof-24 px-nof-16\">R\u00e4s\u00e4nen ihmettelee, eik\u00f6 vasemmistoliittoa huoleta nyt lainkaan finanssipoliittinen kerroin, eli kuinka paljon verojen muutos vaikuttaa BKT:hen ja sit\u00e4 kautta talouskasvuun.<\/p>\n<p class=\"article-body mb-nof-24 px-nof-16\">\u2013 Jos Suomessa todella yli kuudella miljardilla eurolla kiristett\u00e4isiin verotusta yhden vuoden osalta, niin silloin ei kyll\u00e4 yksik\u00e4\u00e4n ovipumppu laula yht\u00e4\u00e4n miss\u00e4\u00e4n kaupassa. Silt\u00e4 osin en pid\u00e4 esityst\u00e4 mill\u00e4\u00e4n muotoa realistisena, R\u00e4s\u00e4nen tokaisi.<\/p>\n","protected":false},"excerpt":{"rendered":"Sdp:n puheenjohtaja kysyy, ajavatko varakkaiden veroedut julkisen talouden vakauttamisen ohi kokoomuksen arvoasteikolla. Sdp:n puheenjohtaja Antti Lindtman sanoo kiinnitt\u00e4neens\u00e4&hellip;\n","protected":false},"author":2,"featured_media":99786,"comment_status":"","ping_status":"","sticky":false,"template":"","format":"standard","meta":{"footnotes":""},"categories":[12],"tags":[22,23,26,27,33,31,30,17,34,24,25,28,29,15,18,21,32,19,20,16],"class_list":{"0":"post-99785","1":"post","2":"type-post","3":"status-publish","4":"format-standard","5":"has-post-thumbnail","7":"category-suomi","8":"tag-breaking-news","9":"tag-breakingnews","10":"tag-featured-news","11":"tag-featurednews","12":"tag-fi","13":"tag-finland","14":"tag-finnish","15":"tag-headlines","16":"tag-ilta-sanomat","17":"tag-latest-news","18":"tag-latestnews","19":"tag-main-news","20":"tag-mainnews","21":"tag-news","22":"tag-otsikot","23":"tag-paauutiset","24":"tag-suomi","25":"tag-top-stories","26":"tag-topstories","27":"tag-uutiset"},"share_on_mastodon":{"url":"https:\/\/pubeurope.com\/@fi\/115611402790145790","error":""},"_links":{"self":[{"href":"https:\/\/www.europesays.com\/fi\/wp-json\/wp\/v2\/posts\/99785","targetHints":{"allow":["GET"]}}],"collection":[{"href":"https:\/\/www.europesays.com\/fi\/wp-json\/wp\/v2\/posts"}],"about":[{"href":"https:\/\/www.europesays.com\/fi\/wp-json\/wp\/v2\/types\/post"}],"author":[{"embeddable":true,"href":"https:\/\/www.europesays.com\/fi\/wp-json\/wp\/v2\/users\/2"}],"replies":[{"embeddable":true,"href":"https:\/\/www.europesays.com\/fi\/wp-json\/wp\/v2\/comments?post=99785"}],"version-history":[{"count":0,"href":"https:\/\/www.europesays.com\/fi\/wp-json\/wp\/v2\/posts\/99785\/revisions"}],"wp:featuredmedia":[{"embeddable":true,"href":"https:\/\/www.europesays.com\/fi\/wp-json\/wp\/v2\/media\/99786"}],"wp:attachment":[{"href":"https:\/\/www.europesays.com\/fi\/wp-json\/wp\/v2\/media?parent=99785"}],"wp:term":[{"taxonomy":"category","embeddable":true,"href":"https:\/\/www.europesays.com\/fi\/wp-json\/wp\/v2\/categories?post=99785"},{"taxonomy":"post_tag","embeddable":true,"href":"https:\/\/www.europesays.com\/fi\/wp-json\/wp\/v2\/tags?post=99785"}],"curies":[{"name":"wp","href":"https:\/\/api.w.org\/{rel}","templated":true}]}}