{"id":99789,"date":"2025-11-25T17:11:09","date_gmt":"2025-11-25T17:11:09","guid":{"rendered":"https:\/\/www.europesays.com\/fi\/99789\/"},"modified":"2025-11-25T17:11:09","modified_gmt":"2025-11-25T17:11:09","slug":"timo-lavikainen-soi-roiskelappaa-maksamakkaralla","status":"publish","type":"post","link":"https:\/\/www.europesays.com\/fi\/99789\/","title":{"rendered":"Timo Lavikainen s\u00f6i roiskel\u00e4pp\u00e4\u00e4 maksamakkaralla"},"content":{"rendered":"<p>Timo Lavikainen turvautui \u201dherkkujen herkkuun\u201d keikkamatkalla Mikkeliss\u00e4.<\/p>\n<p class=\"article-body mb-nof-24 px-nof-16\">N\u00e4yttelij\u00e4 <a class=\"article-personlink\" href=\"https:\/\/www.is.fi\/haku\/?query=Timo%20Lavikainen\" rel=\"nofollow noopener\" target=\"_blank\">Timo Lavikainen <\/a>jakoi sosiaalisessa mediassa herkutteluvinkkins\u00e4.<\/p>\n<p class=\"article-body mb-nof-24 px-nof-16\">\u2013 Mikkeliss\u00e4 keikalla, joten sen kunniaksi herkkujen herkku: maksamakkaralla t\u00e4ytetty roiskel\u00e4pp\u00e4, h\u00e4n kirjoittaa.<\/p>\n<p class=\"article-body mb-nof-24 px-nof-16\">Lavikainen ei j\u00e4t\u00e4 p\u00e4ivityst\u00e4\u00e4n kuitenkaan turhan yleiselle tasolle, vaan antaa my\u00f6s tarkat ohjeet kyseisen herkun valmistamiseen ja nauttimiseen.<\/p>\n<p class=\"article-body mb-nof-24 px-nof-16\">\u2013 Ohje: tursota maksamakkara roiskel\u00e4p\u00e4n p\u00e4\u00e4lle ja taita kahtia. Huom! Nautitaan kylm\u00e4n\u00e4!<\/p>\n<p class=\"article-body mb-nof-24 px-nof-16\">\u2013 Vinkki: saat mukavaa vaihtelua makumaailmaan kun vaihtelet roiskel\u00e4p\u00e4n makuja!<\/p>\n<p class=\"article-body mb-nof-24 px-nof-16\">Julkaisu on ker\u00e4nnyt kymmeni\u00e4 kommentteja, joista l\u00f6ytyy monenlaisia reaktioita. Useat ovat tyytyneet julkaisemaan kommenttikentt\u00e4\u00e4n nauruemojeita, mutta jotkut ovat avoimen yll\u00e4ttyneit\u00e4.<\/p>\n<p class=\"article-body mb-nof-24 px-nof-16\">\u2013 Olen sanaton.<\/p>\n<p class=\"article-body mb-nof-24 px-nof-16\">\u2013 Ei voi olla hyv\u00e4\u00e4.<\/p>\n<p class=\"article-body mb-nof-24 px-nof-16\">\u2013 Nyt on kovaa ajoa. Toki ei voi moittia, kun ei ole maistanut. Kuulostaa melko hurjalta.<\/p>\n<p class=\"article-body mb-nof-24 px-nof-16\">\u2013 Tuli ajatuksesta v\u00e4h\u00e4n oksennusta suuhun.<\/p>\n<p class=\"article-body mb-nof-24 px-nof-16\">Monet ovat l\u00e4hteneet my\u00f6s vitsikk\u00e4\u00e4sti ehdottelemaan, mit\u00e4 kaikkea reseptiin voisikaan lis\u00e4t\u00e4.<\/p>\n<p class=\"article-body mb-nof-24 px-nof-16\">\u2013 T\u00e4m\u00e4n voi en\u00e4\u00e4 vaan kruunata sinappi-, ketsuppi- ja chilisoosiviivoilla!<\/p>\n<p class=\"article-body mb-nof-24 px-nof-16\">\u2013 Kylm\u00e4 ryynimakkara voisi my\u00f6s toimia tuossa v\u00e4liss\u00e4.<\/p>\n<p class=\"article-body mb-nof-24 px-nof-16\">\u2013 Suosittelen my\u00f6s kokeilemaan Kismet-patukkaa pitsan v\u00e4liin. Is\u00e4nt\u00e4 aikoinaan dagen efterin\u00e4 s\u00f6i sellaisen&#8230;Suolaisen ja makean liitto<\/p>\n<p class=\"article-body mb-nof-24 px-nof-16\">\u2013 Ja jos tuosta haluaa oikein kunnon Pirkanmaan liittouman niin korvaa maksamakkaran mustallamakkaralla.<\/p>\n<p class=\"article-body mb-nof-24 px-nof-16\">\u2013 Pit\u00e4isk\u00f6 vet\u00e4ist\u00e4 v\u00e4liin viel\u00e4 suolakurkku?<\/p>\n<p class=\"article-body mb-nof-24 px-nof-16\">\u2013 Maksalaatikko toimii kylm\u00e4n\u00e4, joten miksei se toimisi my\u00f6s tuolla pitsan v\u00e4liss\u00e4.<\/p>\n<p class=\"article-body mb-nof-24 px-nof-16\">\u2013 Tosi hyv\u00e4\u00e4. Lis\u00e4\u00e4n maksamakkaran lis\u00e4ksi pinaattilettuja.<\/p>\n","protected":false},"excerpt":{"rendered":"Timo Lavikainen turvautui \u201dherkkujen herkkuun\u201d keikkamatkalla Mikkeliss\u00e4. N\u00e4yttelij\u00e4 Timo Lavikainen jakoi sosiaalisessa mediassa herkutteluvinkkins\u00e4. \u2013 Mikkeliss\u00e4 keikalla, joten&hellip;\n","protected":false},"author":2,"featured_media":99790,"comment_status":"","ping_status":"","sticky":false,"template":"","format":"standard","meta":{"footnotes":""},"categories":[136],"tags":[407,137,33,31,30,34,408,32,109],"class_list":{"0":"post-99789","1":"post","2":"type-post","3":"status-publish","4":"format-standard","5":"has-post-thumbnail","7":"category-julkkikset","8":"tag-celebrities","9":"tag-entertainment","10":"tag-fi","11":"tag-finland","12":"tag-finnish","13":"tag-ilta-sanomat","14":"tag-julkkikset","15":"tag-suomi","16":"tag-viihde"},"share_on_mastodon":{"url":"https:\/\/pubeurope.com\/@fi\/115611453540486803","error":""},"_links":{"self":[{"href":"https:\/\/www.europesays.com\/fi\/wp-json\/wp\/v2\/posts\/99789","targetHints":{"allow":["GET"]}}],"collection":[{"href":"https:\/\/www.europesays.com\/fi\/wp-json\/wp\/v2\/posts"}],"about":[{"href":"https:\/\/www.europesays.com\/fi\/wp-json\/wp\/v2\/types\/post"}],"author":[{"embeddable":true,"href":"https:\/\/www.europesays.com\/fi\/wp-json\/wp\/v2\/users\/2"}],"replies":[{"embeddable":true,"href":"https:\/\/www.europesays.com\/fi\/wp-json\/wp\/v2\/comments?post=99789"}],"version-history":[{"count":0,"href":"https:\/\/www.europesays.com\/fi\/wp-json\/wp\/v2\/posts\/99789\/revisions"}],"wp:featuredmedia":[{"embeddable":true,"href":"https:\/\/www.europesays.com\/fi\/wp-json\/wp\/v2\/media\/99790"}],"wp:attachment":[{"href":"https:\/\/www.europesays.com\/fi\/wp-json\/wp\/v2\/media?parent=99789"}],"wp:term":[{"taxonomy":"category","embeddable":true,"href":"https:\/\/www.europesays.com\/fi\/wp-json\/wp\/v2\/categories?post=99789"},{"taxonomy":"post_tag","embeddable":true,"href":"https:\/\/www.europesays.com\/fi\/wp-json\/wp\/v2\/tags?post=99789"}],"curies":[{"name":"wp","href":"https:\/\/api.w.org\/{rel}","templated":true}]}}