{"id":99793,"date":"2025-11-25T17:18:09","date_gmt":"2025-11-25T17:18:09","guid":{"rendered":"https:\/\/www.europesays.com\/fi\/99793\/"},"modified":"2025-11-25T17:18:09","modified_gmt":"2025-11-25T17:18:09","slug":"kanadasta-kantautui-suomalaisittain-hurja-arvio-ensi-kesan-nhl-varaustilaisuudesta","status":"publish","type":"post","link":"https:\/\/www.europesays.com\/fi\/99793\/","title":{"rendered":"Kanadasta kantautui suomalaisittain hurja arvio ensi kes\u00e4n NHL-varaustilaisuudesta"},"content":{"rendered":"<p>Sportsnet ennustaa nelj\u00e4n suomalaisen menev\u00e4n ykk\u00f6skierroksella kes\u00e4n 2026 NHL-draftissa.<\/p>\n<p><img decoding=\"async\" class=\"image image-show image-preview\" src=\"https:\/\/www.europesays.com\/fi\/wp-content\/uploads\/2025\/11\/867268bc5d8e88d42512e6e6684042e47e0a213edfc570a49ccafd352497da0a.jpg\" alt=\"\"\/><img decoding=\"async\" class=\"image image-show\" src=\"https:\/\/www.europesays.com\/fi\/wp-content\/uploads\/2025\/11\/1764091089_517_867268bc5d8e88d42512e6e6684042e47e0a213edfc570a49ccafd352497da0a.jpg\" alt=\"\"\/><\/p>\n<p>Juho Piiparisesta odotetaan Suomen ykk\u00f6snime\u00e4 ensi kes\u00e4n draftissa. Mika Kylm\u00e4niemi \/ AOP<\/p>\n<p class=\"paragraph\">Kanadalaismedia Sportsnet julkaisi <a href=\"https:\/\/www.sportsnet.ca\/nhl\/article\/sportsnets-2026-nhl-draft-rankings-november-edition\/\" target=\"_blank\" rel=\"noopener nofollow\">tuoreen pelaajarankinginsa<\/a> kes\u00e4n 2026 NHL:n varaustilaisuuden ykk\u00f6skierroksen varauksista, ja suomalaisfanit voivat vihdoin n\u00e4hd\u00e4 valoa tunnelin p\u00e4\u00e4ss\u00e4.<\/p>\n<p class=\"paragraph\">Viime kes\u00e4n varaustilaisuus oli suomalaisittain harvinaisen vaisu: vain kahdeksan suomalaista sai nimens\u00e4 NHL-seurojen listoille. Viimeksi n\u00e4in v\u00e4h\u00e4n suomalaisia varattiin vuonna 2010, jolloin nimi\u00e4 kertyi vain seitsem\u00e4n.<\/p>\n<p class=\"paragraph\">Ensi kes\u00e4n osalta tilanne n\u00e4ytt\u00e4isi olevan kuitenkin valoisampi. Sportsnet ennustaa, ett\u00e4 tulevassa ykk\u00f6skierroksessa suomalaisia saatetaan varata jopa nelj\u00e4 kappaletta.<\/p>\n<p class=\"paragraph\">Viimeksi v\u00e4hint\u00e4\u00e4n nelj\u00e4 suomalaista varattiin ykk\u00f6skierroksella kes\u00e4n 2017 varaustilaisuudessa, jolloin <strong>Miro Heiskanen<\/strong> (3.), <strong>Juuso V\u00e4lim\u00e4ki<\/strong> (16.), <strong>Urho Vaakanainen<\/strong> (18.), <strong>Kristian Vesalainen<\/strong> (24.), <strong>Henri Jokiharju<\/strong> (29.) ja <strong>Eeli Tolvanen<\/strong> (30.) varattiin.<\/p>\n<p class=\"paragraph\">Kes\u00e4n 2026 ykk\u00f6skierroksen suomalaisnimi\u00e4 Sportsnet nostaa t\u00e4ll\u00e4 hetkell\u00e4 esiin seuraavasti: puolustaja <strong>Juho Piiparinen<\/strong> (Tappara, arvio 19.), keskushy\u00f6kk\u00e4\u00e4j\u00e4 <strong>Oliver Suvanto<\/strong> (Tappara, 23.), oikea laitahy\u00f6kk\u00e4\u00e4j\u00e4 <strong>Oscar Hemming<\/strong> (ei seuraa, 24.) sek\u00e4 keskushy\u00f6kk\u00e4\u00e4j\u00e4 <strong>Jasper Kuhta<\/strong> (Ottawa 67\u2019s, 32.).<\/p>\n<p class=\"paragraph\">Listalla on mukana my\u00f6s SM-liigassa t\u00e4n\u00e4 syksyn\u00e4 loistanut latvialaispuolustaja <strong>Alberts \u0160mits<\/strong>, joka on ylt\u00e4nyt jopa suomalaisten edelle sijalle 14.<\/p>\n<p>McKenna tippui<\/p>\n<p>Gavin McKenna ei olekaan en\u00e4\u00e4 selke\u00e4 ykk\u00f6svaraus. AOP<\/p>\n<p class=\"paragraph\">Rankingin k\u00e4rjess\u00e4 on tapahtunut mielenkiintoisia liikkeit\u00e4. Penn Staten yliopistossa ensimm\u00e4ist\u00e4 vuottaan pelaava <strong>Gavin McKenna<\/strong> on pelannut heikosti NCAA:ssa ja menett\u00e4nyt asemansa varmana ykk\u00f6svarauksena.<\/p>\n<p class=\"paragraph\">McKennan hy\u00f6kk\u00e4ystaito ja luova pelinlukeminen ovat edelleen huippuluokkaa, mutta puolustuspelaamisen ja kiekottomana pelaamisen ep\u00e4varmuus on pudottanut h\u00e4net rankingissa.<\/p>\n<p class=\"paragraph\">McKennan haastajaksi ykk\u00f6spaikalle on noussut puolustaja <strong>Keaton Verhoeff<\/strong>, joka on vakuuttanut ensimm\u00e4isell\u00e4 NCAA-kaudellaan erityisesti kyvyll\u00e4\u00e4n hallita peli\u00e4 ja pelata pitk\u00e4ss\u00e4 ajassa tehokkaita minuutteja ottelua kohden.<\/p>\n<p>Sportsnetin marraskuun ranking<\/p>\n<ol>\n<li>Keaton Verhoeff, P, North Dakota (NCAA)<\/li>\n<li>Gavin McKenna, LH, Penn State (NCAA)<\/li>\n<li>Ivar Stenberg, LH, Frolunda (SHL)<\/li>\n<li>Ethan Belchetz, LH, Windsor Spitfires (OHL)<\/li>\n<li>Tynan Lawrence, KH, Muskegon Lumberjacks (USHL)<\/li>\n<li>Carson Carels, P, Prince George Cougars (WHL)<\/li>\n<li>Adam Novotny, LH, Peterborough Petes (OHL)<\/li>\n<li>Mathis Preston, KH, Spokane Chiefs (WHL)<\/li>\n<li>Chase Reid, P, Sault Ste. Marie Greyhounds (OHL)<\/li>\n<li>Ryan Lin, P, Vancouver Giants (WHL)<\/li>\n<\/ol>\n<p class=\"paragraph\">\u2013\u2013\u2013\u2013<\/p>\n<ul>\n<li><strong>19. Juho Piiparinen, P, Tappara (SM-liiga)<\/strong><\/li>\n<li><strong>23. Oliver Suvanto, KH, Tappara (SM-liiga)<\/strong><\/li>\n<li><strong>24. Oscar Hemming, LH, ei seuraa<\/strong><\/li>\n<li><strong>32. Jasper Kuhta, KH, Ottawa 67\u2019s (OHL)<\/strong><\/li>\n<\/ul>\n","protected":false},"excerpt":{"rendered":"Sportsnet ennustaa nelj\u00e4n suomalaisen menev\u00e4n ykk\u00f6skierroksella kes\u00e4n 2026 NHL-draftissa. Juho Piiparisesta odotetaan Suomen ykk\u00f6snime\u00e4 ensi kes\u00e4n draftissa. Mika&hellip;\n","protected":false},"author":2,"featured_media":99794,"comment_status":"","ping_status":"","sticky":false,"template":"","format":"standard","meta":{"footnotes":""},"categories":[158],"tags":[35,1144,1274,33,31,30,1143,1146,159,32,1145,160],"class_list":{"0":"post-99793","1":"post","2":"type-post","3":"status-publish","4":"format-standard","5":"has-post-thumbnail","7":"category-urheilu","8":"tag-24h","9":"tag-ammattilaisjaakiekko","10":"tag-ammattiurheilu","11":"tag-fi","12":"tag-finland","13":"tag-finnish","14":"tag-jaakiekko","15":"tag-miesten-jaakiekko","16":"tag-sports","17":"tag-suomi","18":"tag-talviurheilu","19":"tag-urheilu"},"share_on_mastodon":{"url":"https:\/\/pubeurope.com\/@fi\/115611481333638212","error":""},"_links":{"self":[{"href":"https:\/\/www.europesays.com\/fi\/wp-json\/wp\/v2\/posts\/99793","targetHints":{"allow":["GET"]}}],"collection":[{"href":"https:\/\/www.europesays.com\/fi\/wp-json\/wp\/v2\/posts"}],"about":[{"href":"https:\/\/www.europesays.com\/fi\/wp-json\/wp\/v2\/types\/post"}],"author":[{"embeddable":true,"href":"https:\/\/www.europesays.com\/fi\/wp-json\/wp\/v2\/users\/2"}],"replies":[{"embeddable":true,"href":"https:\/\/www.europesays.com\/fi\/wp-json\/wp\/v2\/comments?post=99793"}],"version-history":[{"count":0,"href":"https:\/\/www.europesays.com\/fi\/wp-json\/wp\/v2\/posts\/99793\/revisions"}],"wp:featuredmedia":[{"embeddable":true,"href":"https:\/\/www.europesays.com\/fi\/wp-json\/wp\/v2\/media\/99794"}],"wp:attachment":[{"href":"https:\/\/www.europesays.com\/fi\/wp-json\/wp\/v2\/media?parent=99793"}],"wp:term":[{"taxonomy":"category","embeddable":true,"href":"https:\/\/www.europesays.com\/fi\/wp-json\/wp\/v2\/categories?post=99793"},{"taxonomy":"post_tag","embeddable":true,"href":"https:\/\/www.europesays.com\/fi\/wp-json\/wp\/v2\/tags?post=99793"}],"curies":[{"name":"wp","href":"https:\/\/api.w.org\/{rel}","templated":true}]}}