{"id":99805,"date":"2025-11-25T17:37:09","date_gmt":"2025-11-25T17:37:09","guid":{"rendered":"https:\/\/www.europesays.com\/fi\/99805\/"},"modified":"2025-11-25T17:37:09","modified_gmt":"2025-11-25T17:37:09","slug":"kankaanpaalaiset-helmi-raitinpaa-ja-kerttu-reho-arvostelevat-tapaa-jolla-rappari-shrty-on-kertonut-keskeytyneesta-keikastaan-medialle","status":"publish","type":"post","link":"https:\/\/www.europesays.com\/fi\/99805\/","title":{"rendered":"Kankaanp\u00e4\u00e4l\u00e4iset Helmi Raitinp\u00e4\u00e4 ja Kerttu Reho arvostelevat tapaa, jolla r\u00e4pp\u00e4ri Shrty on kertonut keskeytyneest\u00e4 keikastaan medialle"},"content":{"rendered":"<p class=\"article-ingress--medium\">Lukiolaiset Helmi Raitinp\u00e4\u00e4 ja Kerttu Reho arvostelevat sit\u00e4, kuinka yksipuolisesti r\u00e4pp\u00e4ri Shrty kertoo keskeytyneest\u00e4 keikastaan.<\/p>\n<p><img decoding=\"async\" src=\"https:\/\/www.europesays.com\/fi\/wp-content\/uploads\/2025\/11\/1764092229_330_468.jpg\" alt=\"R\u00e4pp\u00e4ri Shrty, oikealta nimelt\u00e4\u00e4n Rashid Mohamed, esiintyi Kankaanp\u00e4\u00e4n lukiolaisille ja yl\u00e4koululaisille 14. elokuuta 2025. Arkistokuva Flow Festivaleilta.\" class=\"_Img_1rerz_1\" style=\"aspect-ratio:1.5\" loading=\"eager\"\/><\/p>\n<p class=\"article-picture-caption\">R\u00e4pp\u00e4ri Shrty, oikealta nimelt\u00e4\u00e4n Rashid Mohamed, esiintyi Kankaanp\u00e4\u00e4n lukiolaisille ja yl\u00e4koululaisille 14. elokuuta 2025. Arkistokuva Flow Festivaleilta. Kuva:\u00a0Ella Kiviniemi \/ Arkisto<\/p>\n<p><a href=\"https:\/\/www.satakunnankansa.fi\/haku\/?query=Annika+Kangasmaa\" rel=\"nofollow noopener\" target=\"_blank\"><\/p>\n<p>Annika Kangasmaa<\/p>\n<p><\/a><\/p>\n<p>17:41<\/p>\n<p class=\"article-body mb-nof-24 px-nof-16\">Kankaanp\u00e4\u00e4<\/p>\n<p class=\"article-body mb-nof-24 px-nof-16\">Kankaanp\u00e4\u00e4n yhteislyseossa opiskelevilla <a class=\"article-personlink\" href=\"https:\/\/www.satakunnankansa.fi\/haku\/?query=Helmi%20Raitinp%C3%A4%C3%A4ll%C3%A4\" rel=\"nofollow noopener\" target=\"_blank\">Helmi Raitinp\u00e4\u00e4ll\u00e4<\/a>, 17, ja <a class=\"article-personlink\" href=\"https:\/\/www.satakunnankansa.fi\/haku\/?query=Kerttu%20Reholla\" rel=\"nofollow noopener\" target=\"_blank\">Kerttu Reholla<\/a>, 16, on r\u00e4pp\u00e4ri Shrtyn kohutusta Kankaanp\u00e4\u00e4n keikasta artistin kanssa hyvin erilainen n\u00e4kemys. Keikkakohu alkoi, kun Kankaanp\u00e4\u00e4n Lions Clubien 14. elokuuta j\u00e4rjest\u00e4m\u00e4\u00e4n lukuvuoden aloituskonserttiin esiintym\u00e4\u00e4n tullut helsinkil\u00e4isartisti keskeytti keikkansa yll\u00e4tt\u00e4en. Shrty kertoi viime perjantaina julkisuuteen <a class=\"article-genericlink\" href=\"https:\/\/www.satakunnankansa.fi\/kulttuuri\/art-2000011643814.html\" rel=\"nofollow noopener\" target=\"_blank\">lopettaneensa keikkansa kesken rasistisen huudon vuoksi<\/a>.<\/p>\n<p>KommentoiIlmoita asiavirheest\u00e4KommentoiIlmoita asiavirheest\u00e4<\/p>\n","protected":false},"excerpt":{"rendered":"Lukiolaiset Helmi Raitinp\u00e4\u00e4 ja Kerttu Reho arvostelevat sit\u00e4, kuinka yksipuolisesti r\u00e4pp\u00e4ri Shrty kertoo keskeytyneest\u00e4 keikastaan. R\u00e4pp\u00e4ri Shrty, oikealta&hellip;\n","protected":false},"author":2,"featured_media":99806,"comment_status":"","ping_status":"","sticky":false,"template":"","format":"standard","meta":{"footnotes":""},"categories":[136],"tags":[407,137,33,31,30,408,80,32,109],"class_list":{"0":"post-99805","1":"post","2":"type-post","3":"status-publish","4":"format-standard","5":"has-post-thumbnail","7":"category-julkkikset","8":"tag-celebrities","9":"tag-entertainment","10":"tag-fi","11":"tag-finland","12":"tag-finnish","13":"tag-julkkikset","14":"tag-satakunnan-kansa","15":"tag-suomi","16":"tag-viihde"},"share_on_mastodon":{"url":"https:\/\/pubeurope.com\/@fi\/115611555854971893","error":""},"_links":{"self":[{"href":"https:\/\/www.europesays.com\/fi\/wp-json\/wp\/v2\/posts\/99805","targetHints":{"allow":["GET"]}}],"collection":[{"href":"https:\/\/www.europesays.com\/fi\/wp-json\/wp\/v2\/posts"}],"about":[{"href":"https:\/\/www.europesays.com\/fi\/wp-json\/wp\/v2\/types\/post"}],"author":[{"embeddable":true,"href":"https:\/\/www.europesays.com\/fi\/wp-json\/wp\/v2\/users\/2"}],"replies":[{"embeddable":true,"href":"https:\/\/www.europesays.com\/fi\/wp-json\/wp\/v2\/comments?post=99805"}],"version-history":[{"count":0,"href":"https:\/\/www.europesays.com\/fi\/wp-json\/wp\/v2\/posts\/99805\/revisions"}],"wp:featuredmedia":[{"embeddable":true,"href":"https:\/\/www.europesays.com\/fi\/wp-json\/wp\/v2\/media\/99806"}],"wp:attachment":[{"href":"https:\/\/www.europesays.com\/fi\/wp-json\/wp\/v2\/media?parent=99805"}],"wp:term":[{"taxonomy":"category","embeddable":true,"href":"https:\/\/www.europesays.com\/fi\/wp-json\/wp\/v2\/categories?post=99805"},{"taxonomy":"post_tag","embeddable":true,"href":"https:\/\/www.europesays.com\/fi\/wp-json\/wp\/v2\/tags?post=99805"}],"curies":[{"name":"wp","href":"https:\/\/api.w.org\/{rel}","templated":true}]}}