{"id":99858,"date":"2025-11-25T18:41:07","date_gmt":"2025-11-25T18:41:07","guid":{"rendered":"https:\/\/www.europesays.com\/fi\/99858\/"},"modified":"2025-11-25T18:41:07","modified_gmt":"2025-11-25T18:41:07","slug":"pakistan-teki-ilmaiskuja-afganistaniin-ainakin-kymmenen-kuoli-uutisia-lyhyesti","status":"publish","type":"post","link":"https:\/\/www.europesays.com\/fi\/99858\/","title":{"rendered":"Pakistan teki ilmaiskuja Afganistaniin, ainakin kymmenen kuoli | Uutisia lyhyesti"},"content":{"rendered":"<p class=\"aw-1gybjub aw-1p7kakr kEtdKx cEmitX yle__article__paragraph\">Ainakin kymmenen ihmist\u00e4 on saanut surmansa Pakistanin Afganistaniin tekemiss\u00e4 ilmaiskuissa, kertoi Afganistania hallitseva Taleban-hallinto tiistaina.<\/p>\n<p class=\"aw-1gybjub aw-1p7kakr kEtdKx cEmitX yle__article__paragraph\">Hallinnon edustajan <strong class=\"aw-ak79eh KyCXm yle__article__strong\">Zabihullah Mujahidin<\/strong> mukaan yhdeks\u00e4n kuolleista oli lapsia. Iskuja tehtiin Khostin maakuntaan sek\u00e4 Kunarin ja Paktikan maakuntiin l\u00e4hell\u00e4 Pakistanin rajaa. Mujahidin mukaan Afganistan vastaa iskuihin \u201dsopivalla tavalla oikeaan aikaan\u201d.<\/p>\n<p class=\"aw-1gybjub aw-1p7kakr kEtdKx cEmitX yle__article__paragraph\">Pakistanin turvallisuusjoukkoja vastaan tehtiin maanantaina itsemurhaisku l\u00e4hell\u00e4 Afganistanin rajaa.<\/p>\n<p class=\"aw-1gybjub aw-1p7kakr kEtdKx cEmitX yle__article__paragraph\">Afganistanin ja Pakistanin rajalla on ollut yhteenottoja lokakuusta l\u00e4htien. Maat saivat aikaiseksi hauraan aselevon, mutta neuvottelut sen jatkamisesta ep\u00e4onnistuivat my\u00f6hemmin.<\/p>\n","protected":false},"excerpt":{"rendered":"Ainakin kymmenen ihmist\u00e4 on saanut surmansa Pakistanin Afganistaniin tekemiss\u00e4 ilmaiskuissa, kertoi Afganistania hallitseva Taleban-hallinto tiistaina. Hallinnon edustajan Zabihullah&hellip;\n","protected":false},"author":2,"featured_media":99859,"comment_status":"","ping_status":"","sticky":false,"template":"","format":"standard","meta":{"footnotes":""},"categories":[14],"tags":[4821,22,23,26,27,33,31,30,17,24,25,28,29,15,18,21,9569,32,19,20,546,56,16,59,60,61],"class_list":{"0":"post-99858","1":"post","2":"type-post","3":"status-publish","4":"format-standard","5":"has-post-thumbnail","7":"category-ulkomaat","8":"tag-afganistan","9":"tag-breaking-news","10":"tag-breakingnews","11":"tag-featured-news","12":"tag-featurednews","13":"tag-fi","14":"tag-finland","15":"tag-finnish","16":"tag-headlines","17":"tag-latest-news","18":"tag-latestnews","19":"tag-main-news","20":"tag-mainnews","21":"tag-news","22":"tag-otsikot","23":"tag-paauutiset","24":"tag-pakistan","25":"tag-suomi","26":"tag-top-stories","27":"tag-topstories","28":"tag-turvallisuus","29":"tag-ulkomaat","30":"tag-uutiset","31":"tag-world","32":"tag-world-news","33":"tag-worldnews"},"share_on_mastodon":{"url":"https:\/\/pubeurope.com\/@fi\/115611807574686829","error":""},"_links":{"self":[{"href":"https:\/\/www.europesays.com\/fi\/wp-json\/wp\/v2\/posts\/99858","targetHints":{"allow":["GET"]}}],"collection":[{"href":"https:\/\/www.europesays.com\/fi\/wp-json\/wp\/v2\/posts"}],"about":[{"href":"https:\/\/www.europesays.com\/fi\/wp-json\/wp\/v2\/types\/post"}],"author":[{"embeddable":true,"href":"https:\/\/www.europesays.com\/fi\/wp-json\/wp\/v2\/users\/2"}],"replies":[{"embeddable":true,"href":"https:\/\/www.europesays.com\/fi\/wp-json\/wp\/v2\/comments?post=99858"}],"version-history":[{"count":0,"href":"https:\/\/www.europesays.com\/fi\/wp-json\/wp\/v2\/posts\/99858\/revisions"}],"wp:featuredmedia":[{"embeddable":true,"href":"https:\/\/www.europesays.com\/fi\/wp-json\/wp\/v2\/media\/99859"}],"wp:attachment":[{"href":"https:\/\/www.europesays.com\/fi\/wp-json\/wp\/v2\/media?parent=99858"}],"wp:term":[{"taxonomy":"category","embeddable":true,"href":"https:\/\/www.europesays.com\/fi\/wp-json\/wp\/v2\/categories?post=99858"},{"taxonomy":"post_tag","embeddable":true,"href":"https:\/\/www.europesays.com\/fi\/wp-json\/wp\/v2\/tags?post=99858"}],"curies":[{"name":"wp","href":"https:\/\/api.w.org\/{rel}","templated":true}]}}