{"id":99868,"date":"2025-11-25T18:58:09","date_gmt":"2025-11-25T18:58:09","guid":{"rendered":"https:\/\/www.europesays.com\/fi\/99868\/"},"modified":"2025-11-25T18:58:09","modified_gmt":"2025-11-25T18:58:09","slug":"love-island-pari-salli-ja-eeli-naimisiin-katso-upeat-haakuvat","status":"publish","type":"post","link":"https:\/\/www.europesays.com\/fi\/99868\/","title":{"rendered":"Love Island -pari Salli ja Eeli naimisiin \u2013 Katso upeat h\u00e4\u00e4kuvat"},"content":{"rendered":"<p>Pariskunta vietti h\u00e4it\u00e4\u00e4n lokakuussa Pariisissa.<\/p>\n<p><img decoding=\"async\" class=\"image image-show image-preview\" src=\"https:\/\/www.europesays.com\/fi\/wp-content\/uploads\/2025\/08\/c66adfb82c4631b5906d309ef5a30a3e2741559f7d0df6686fe980f8be5bd5ef.jpg\" alt=\"\"\/><img decoding=\"async\" class=\"image image-show\" src=\"https:\/\/www.europesays.com\/fi\/wp-content\/uploads\/2025\/08\/1756038668_175_c66adfb82c4631b5906d309ef5a30a3e2741559f7d0df6686fe980f8be5bd5ef.jpg\" alt=\"\"\/><\/p>\n<p>Salli ja Eeli ovat olleet yhdess\u00e4 nelj\u00e4n vuoden ajan. MTV<\/p>\n<p class=\"paragraph\">Love Island Suomi -ohjelman vuonna 2021 voittaneet <strong>Salli<\/strong> ja <strong>Eeli<\/strong> ovat menneet naimisiin.<\/p>\n<p class=\"paragraph\">H\u00e4it\u00e4 on juhlittu pariskunnan tuoreen Instagram-julkaisun mukaan jo 24. lokakuuta. Nyt pariskunta on kuitenkin jakanut Instagramissa h\u00e4\u00e4kuvia. Julkaisun perusteella pariskunta on mennyt naimisiin Pariisissa.<\/p>\n<p class=\"paragraph\">\u2013 Me &#8211; t\u00e4n\u00e4\u00e4n, huomenna ja ikuisesti, julkaisussa kirjoitetaan.<\/p>\n<p class=\"paragraph\">Jos julkaisu ei n\u00e4y, voit katsoa sen <a href=\"https:\/\/www.instagram.com\/p\/DRfKuHADOiQ\/?igsh=MWowOXdlaG8zMTZ1cg%3D%3D&amp;img_index=1\" rel=\"noopener nofollow\" target=\"_blank\">t\u00e4st\u00e4 linkist\u00e4<\/a>.<\/p>\n<p class=\"paragraph\">Salli ja Eeli saavat kommenttikent\u00e4ss\u00e4 paljon onnitteluita. Onnittelijoiden joukossa ovat esimerkiksi fitness-vaikuttaja <a href=\"https:\/\/www.iltalehti.fi\/henkilot\/Ilona Siekkinen\" class=\"article-link-person-page\" rel=\"nofollow noopener\" target=\"_blank\">Ilona Siekkinen<\/a>, radiojuontaja <a href=\"https:\/\/www.iltalehti.fi\/henkilot\/Veronica Verho\" class=\"article-link-person-page\" rel=\"nofollow noopener\" target=\"_blank\">Veronica Verho<\/a>, Love Islandista niin ik\u00e4\u00e4n tutuksi tullut <strong>Josefiina Lahtinen<\/strong> ja juontaja-sis\u00e4ll\u00f6ntuottaja <a href=\"https:\/\/www.iltalehti.fi\/henkilot\/Alina Voronkova\" class=\"article-link-person-page\" rel=\"nofollow noopener\" target=\"_blank\">Alina Voronkova<\/a>.<\/p>\n<p class=\"paragraph\">Pariskunta on ollut yhdess\u00e4 ohjelman kuvauksista l\u00e4htien. Vuonna 2022 pariskunta muutti yhteen ja syyskuussa he kertoivat kihlautuneensa.<\/p>\n<p class=\"paragraph\">Elokuussa pariskunta my\u00f6s kertoi odottavansa esikoistaan.<\/p>\n<p>Salli ja Eeli meniv\u00e4t naimisiin. MTV<\/p>\n<p><script async src=\"\/\/www.instagram.com\/embed.js\"><\/script><\/p>\n","protected":false},"excerpt":{"rendered":"Pariskunta vietti h\u00e4it\u00e4\u00e4n lokakuussa Pariisissa. Salli ja Eeli ovat olleet yhdess\u00e4 nelj\u00e4n vuoden ajan. MTV Love Island Suomi&hellip;\n","protected":false},"author":2,"featured_media":14914,"comment_status":"","ping_status":"","sticky":false,"template":"","format":"standard","meta":{"footnotes":""},"categories":[133],"tags":[35,1074,137,33,31,30,101,408,98,32,206,139,156,109],"class_list":{"0":"post-99868","1":"post","2":"type-post","3":"status-publish","4":"format-standard","5":"has-post-thumbnail","7":"category-televisiot","8":"tag-24h","9":"tag-avioliitto-ja-parisuhde","10":"tag-entertainment","11":"tag-fi","12":"tag-finland","13":"tag-finnish","14":"tag-ihmissuhteet","15":"tag-julkkikset","16":"tag-perhe","17":"tag-suomi","18":"tag-televisiot","19":"tag-tv-ohjelmat","20":"tag-tv","21":"tag-viihde"},"share_on_mastodon":{"url":"https:\/\/pubeurope.com\/@fi\/115611875545236146","error":""},"_links":{"self":[{"href":"https:\/\/www.europesays.com\/fi\/wp-json\/wp\/v2\/posts\/99868","targetHints":{"allow":["GET"]}}],"collection":[{"href":"https:\/\/www.europesays.com\/fi\/wp-json\/wp\/v2\/posts"}],"about":[{"href":"https:\/\/www.europesays.com\/fi\/wp-json\/wp\/v2\/types\/post"}],"author":[{"embeddable":true,"href":"https:\/\/www.europesays.com\/fi\/wp-json\/wp\/v2\/users\/2"}],"replies":[{"embeddable":true,"href":"https:\/\/www.europesays.com\/fi\/wp-json\/wp\/v2\/comments?post=99868"}],"version-history":[{"count":0,"href":"https:\/\/www.europesays.com\/fi\/wp-json\/wp\/v2\/posts\/99868\/revisions"}],"wp:featuredmedia":[{"embeddable":true,"href":"https:\/\/www.europesays.com\/fi\/wp-json\/wp\/v2\/media\/14914"}],"wp:attachment":[{"href":"https:\/\/www.europesays.com\/fi\/wp-json\/wp\/v2\/media?parent=99868"}],"wp:term":[{"taxonomy":"category","embeddable":true,"href":"https:\/\/www.europesays.com\/fi\/wp-json\/wp\/v2\/categories?post=99868"},{"taxonomy":"post_tag","embeddable":true,"href":"https:\/\/www.europesays.com\/fi\/wp-json\/wp\/v2\/tags?post=99868"}],"curies":[{"name":"wp","href":"https:\/\/api.w.org\/{rel}","templated":true}]}}