{"id":99882,"date":"2025-11-25T19:08:08","date_gmt":"2025-11-25T19:08:08","guid":{"rendered":"https:\/\/www.europesays.com\/fi\/99882\/"},"modified":"2025-11-25T19:08:08","modified_gmt":"2025-11-25T19:08:08","slug":"love-island-pari-meni-naimisiin-pariisissa-upeat-kuvat-julki","status":"publish","type":"post","link":"https:\/\/www.europesays.com\/fi\/99882\/","title":{"rendered":"Love Island -pari meni naimisiin Pariisissa \u2013 upeat kuvat julki"},"content":{"rendered":"<p>Tosi-tv:st\u00e4 tuttu pari jakoi someen kuvia juhlahumusta.<\/p>\n<p class=\"article-body mb-nof-24 px-nof-16\">Love Island Suomi -ohjelmassa vuonna 2021 rakastuneet <a class=\"article-personlink\" href=\"https:\/\/www.is.fi\/haku\/?query=Salli\" rel=\"nofollow noopener\" target=\"_blank\">Salli<\/a> ja <a class=\"article-personlink\" href=\"https:\/\/www.is.fi\/haku\/?query=Eeli\" rel=\"nofollow noopener\" target=\"_blank\">Eeli <\/a>ovat menneet naimisiin.<\/p>\n<p class=\"article-body mb-nof-24 px-nof-16\">Pari kertoo asiasta Instagram-julkaisussaan. He meniv\u00e4t naimisiin Pariisissa ja poseeraavat romanttisissa kuvissa muun muassa Eiffel-torni taustalla n\u00e4kyen.<\/p>\n<p class=\"article-body mb-nof-24 px-nof-16\">\u2013 24.10.2025 me &#8211; t\u00e4n\u00e4\u00e4n, huomenna ja ikuisesti, pari kirjoittaa.<\/p>\n<p class=\"article-body mb-nof-24 px-nof-16\">Seuraajat ovat onnitelleet paria kommenttikent\u00e4ss\u00e4.<\/p>\n<p class=\"article-body mb-nof-24 px-nof-16\">\u2013 Hei omg miten upeeta. Paljon onnea ja rakkautta! Ihan mielett\u00f6mi\u00e4 kuvia ja te, vuoden 2018 Miss Suomi <a class=\"article-personlink\" href=\"https:\/\/www.is.fi\/haku\/?query=Alina%20Voronkova\" rel=\"nofollow noopener\" target=\"_blank\">Alina Voronkova<\/a> kirjoittaa.<\/p>\n<p class=\"article-body mb-nof-24 px-nof-16\">\u2013 Vau onnea, somevaikuttaja <a class=\"article-personlink\" href=\"https:\/\/www.is.fi\/haku\/?query=Ilona%20Siekkinen\" rel=\"nofollow noopener\" target=\"_blank\">Ilona Siekkinen<\/a> iloitsee.<\/p>\n<p class=\"article-body mb-nof-24 px-nof-16\">\u2013 Mit\u00e4 ihmett\u00e4, miten ihanaa, seuraajat kirjoittavat.<\/p>\n<p class=\"article-body mb-nof-24 px-nof-16\">Lue lis\u00e4\u00e4: <a class=\"article-genericlink\" href=\"https:\/\/www.is.fi\/viihde\/art-2000009605949.html\" rel=\"nofollow noopener\" target=\"_blank\">Salli ja Eeli rakastuivat tosi-tv-sarjassa ja oivalsivat t\u00e4rke\u00e4n asian \u2013 n\u00e4in k\u00e4vi, kun kamerat sammuivat<\/a><\/p>\n<p class=\"article-body mb-nof-24 px-nof-16\">Pariskunta tapasi toisensa Love Island Suomi -ohjelman kolmannella tuotantokaudella vuonna 2021.<\/p>\n<p class=\"article-body mb-nof-24 px-nof-16\">Yleis\u00f6 \u00e4\u00e4nesti parin ohjelman voittoon. He kotiutuivat kahden kuukauden kuvausten j\u00e4lkeen uutta rakkautta ja 25\u202f000 euron voittopottia rikkaampina.<\/p>\n<p class=\"article-body mb-nof-24 px-nof-16\">Pari kertoi ohjelman j\u00e4lkeen<a class=\"article-genericlink\" href=\"https:\/\/www.is.fi\/viihde\/art-2000009605949.html\" rel=\"nofollow noopener\" target=\"_blank\"> IS:lle,<\/a> ett\u00e4 he alkoivat seurustella kuvausten j\u00e4lkeen noin kahden viikon kuluttua. Kotiuduttuaan saarelta Eeli asui viel\u00e4 Tampereella ja Salli Helsingiss\u00e4, mutta v\u00e4limatka ei ollut este suhteelle.<\/p>\n<p class=\"article-body mb-nof-24 px-nof-16\">\u2013\u2009Opitaan koko ajan toisistamme enemm\u00e4n ja kehitymme toistemme seurassa, Salli pohti.<\/p>\n<p class=\"article-body mb-nof-24 px-nof-16\">Pari paljasti elokuussa Instagramissa odottavansa esikoistaan.<\/p>\n","protected":false},"excerpt":{"rendered":"Tosi-tv:st\u00e4 tuttu pari jakoi someen kuvia juhlahumusta. Love Island Suomi -ohjelmassa vuonna 2021 rakastuneet Salli ja Eeli ovat&hellip;\n","protected":false},"author":2,"featured_media":99883,"comment_status":"","ping_status":"","sticky":false,"template":"","format":"standard","meta":{"footnotes":""},"categories":[12],"tags":[22,23,26,27,33,31,30,17,34,24,25,28,29,15,18,21,32,19,20,16],"class_list":{"0":"post-99882","1":"post","2":"type-post","3":"status-publish","4":"format-standard","5":"has-post-thumbnail","7":"category-suomi","8":"tag-breaking-news","9":"tag-breakingnews","10":"tag-featured-news","11":"tag-featurednews","12":"tag-fi","13":"tag-finland","14":"tag-finnish","15":"tag-headlines","16":"tag-ilta-sanomat","17":"tag-latest-news","18":"tag-latestnews","19":"tag-main-news","20":"tag-mainnews","21":"tag-news","22":"tag-otsikot","23":"tag-paauutiset","24":"tag-suomi","25":"tag-top-stories","26":"tag-topstories","27":"tag-uutiset"},"share_on_mastodon":{"url":"https:\/\/pubeurope.com\/@fi\/115611913732429296","error":""},"_links":{"self":[{"href":"https:\/\/www.europesays.com\/fi\/wp-json\/wp\/v2\/posts\/99882","targetHints":{"allow":["GET"]}}],"collection":[{"href":"https:\/\/www.europesays.com\/fi\/wp-json\/wp\/v2\/posts"}],"about":[{"href":"https:\/\/www.europesays.com\/fi\/wp-json\/wp\/v2\/types\/post"}],"author":[{"embeddable":true,"href":"https:\/\/www.europesays.com\/fi\/wp-json\/wp\/v2\/users\/2"}],"replies":[{"embeddable":true,"href":"https:\/\/www.europesays.com\/fi\/wp-json\/wp\/v2\/comments?post=99882"}],"version-history":[{"count":0,"href":"https:\/\/www.europesays.com\/fi\/wp-json\/wp\/v2\/posts\/99882\/revisions"}],"wp:featuredmedia":[{"embeddable":true,"href":"https:\/\/www.europesays.com\/fi\/wp-json\/wp\/v2\/media\/99883"}],"wp:attachment":[{"href":"https:\/\/www.europesays.com\/fi\/wp-json\/wp\/v2\/media?parent=99882"}],"wp:term":[{"taxonomy":"category","embeddable":true,"href":"https:\/\/www.europesays.com\/fi\/wp-json\/wp\/v2\/categories?post=99882"},{"taxonomy":"post_tag","embeddable":true,"href":"https:\/\/www.europesays.com\/fi\/wp-json\/wp\/v2\/tags?post=99882"}],"curies":[{"name":"wp","href":"https:\/\/api.w.org\/{rel}","templated":true}]}}