{"id":99886,"date":"2025-11-25T19:13:09","date_gmt":"2025-11-25T19:13:09","guid":{"rendered":"https:\/\/www.europesays.com\/fi\/99886\/"},"modified":"2025-11-25T19:13:09","modified_gmt":"2025-11-25T19:13:09","slug":"nuoret-kertoivat-mtvlle-urahaaveistaan-amiksestakin-voi-jatkaa-yliopistoon-ja-ammattikorkeaan","status":"publish","type":"post","link":"https:\/\/www.europesays.com\/fi\/99886\/","title":{"rendered":"Nuoret kertoivat MTV:lle urahaaveistaan \u2013 &#8221;Amiksestakin voi jatkaa yliopistoon ja ammattikorkeaan&#8221;"},"content":{"rendered":"<p><strong class=\"typography-bold\">Yh\u00e4 useampi ammattioppilaitoksessa opiskeleva haaveilee jatko-opintomahdollisuudesta korkeakoulussa.<\/strong><\/p>\n<p>Lukiosta ja ammattioppilaitoksista valmistuneet nuoret suunnittelivat t\u00e4n\u00e4\u00e4n tulevia opintojaan Suomen suurimmassa opiskelu- ja uratapahtumassa Studiassa Helsingin Messukeskuksessa.<\/p>\n<p>\u2013 Haaveilen t\u00e4htitieteilij\u00e4n urasta tai sitten s\u00e4hk\u00f6tekniikan diplomi-insin\u00f6\u00f6rin urasta, <strong class=\"typography-bold\">Ilona Nyberg<\/strong> Naantalin lukiosta kertoo MTV Uutisille.<\/p>\n<p>\u2013 Opettajan ura, joko luokanopettaja tai liikunnanopettaja, samaa lukiota k\u00e4yv\u00e4<strong class=\"typography-bold\"> Venla N\u00e4se<\/strong> puolestaan kuvaili haaveitaan.\u00a0<\/p>\n<p>Juttu jatkuu kuvan j\u00e4lkeen.<\/p>\n","protected":false},"excerpt":{"rendered":"Yh\u00e4 useampi ammattioppilaitoksessa opiskeleva haaveilee jatko-opintomahdollisuudesta korkeakoulussa. Lukiosta ja ammattioppilaitoksista valmistuneet nuoret suunnittelivat t\u00e4n\u00e4\u00e4n tulevia opintojaan Suomen suurimmassa&hellip;\n","protected":false},"author":2,"featured_media":99887,"comment_status":"","ping_status":"","sticky":false,"template":"","format":"standard","meta":{"footnotes":""},"categories":[114],"tags":[453,33,31,30,118,452,32,119],"class_list":{"0":"post-99886","1":"post","2":"type-post","3":"status-publish","4":"format-standard","5":"has-post-thumbnail","7":"category-avaruus","8":"tag-avaruus","9":"tag-fi","10":"tag-finland","11":"tag-finnish","12":"tag-science","13":"tag-space","14":"tag-suomi","15":"tag-tiede"},"share_on_mastodon":{"url":"https:\/\/pubeurope.com\/@fi\/115611933292723229","error":""},"_links":{"self":[{"href":"https:\/\/www.europesays.com\/fi\/wp-json\/wp\/v2\/posts\/99886","targetHints":{"allow":["GET"]}}],"collection":[{"href":"https:\/\/www.europesays.com\/fi\/wp-json\/wp\/v2\/posts"}],"about":[{"href":"https:\/\/www.europesays.com\/fi\/wp-json\/wp\/v2\/types\/post"}],"author":[{"embeddable":true,"href":"https:\/\/www.europesays.com\/fi\/wp-json\/wp\/v2\/users\/2"}],"replies":[{"embeddable":true,"href":"https:\/\/www.europesays.com\/fi\/wp-json\/wp\/v2\/comments?post=99886"}],"version-history":[{"count":0,"href":"https:\/\/www.europesays.com\/fi\/wp-json\/wp\/v2\/posts\/99886\/revisions"}],"wp:featuredmedia":[{"embeddable":true,"href":"https:\/\/www.europesays.com\/fi\/wp-json\/wp\/v2\/media\/99887"}],"wp:attachment":[{"href":"https:\/\/www.europesays.com\/fi\/wp-json\/wp\/v2\/media?parent=99886"}],"wp:term":[{"taxonomy":"category","embeddable":true,"href":"https:\/\/www.europesays.com\/fi\/wp-json\/wp\/v2\/categories?post=99886"},{"taxonomy":"post_tag","embeddable":true,"href":"https:\/\/www.europesays.com\/fi\/wp-json\/wp\/v2\/tags?post=99886"}],"curies":[{"name":"wp","href":"https:\/\/api.w.org\/{rel}","templated":true}]}}