{"id":99888,"date":"2025-11-25T19:21:10","date_gmt":"2025-11-25T19:21:10","guid":{"rendered":"https:\/\/www.europesays.com\/fi\/99888\/"},"modified":"2025-11-25T19:21:10","modified_gmt":"2025-11-25T19:21:10","slug":"jutta-ja-juha-larm-ikava-uutinen","status":"publish","type":"post","link":"https:\/\/www.europesays.com\/fi\/99888\/","title":{"rendered":"Jutta ja Juha Larm: Ik\u00e4v\u00e4 uutinen!"},"content":{"rendered":"<p>            Pasi Murto\n        <\/p>\n<p class=\"subtitle \">Kolme J:t\u00e4: Jutta, Juha, J\u00e4rvisyd\u00e4n.<\/p>\n<p class=\"article-content article-content-width !bg-background\"> ja aviomies  ovat molemmat hyvinvointiyritt\u00e4ji\u00e4 ja mukana monessa muussakin.<\/p>\n<p class=\"article-content article-content-width !bg-background\">Kes\u00e4ll\u00e4 2020 pariskunta rakensi Savossa sijaitsevalle Rantasalmelle Kuru Resort -nimisen luksuslomakyl\u00e4n.<\/p>\n<p class=\"article-content article-content-width !bg-background\">Kuru on rakennettu kylpyl\u00e4hotelli J\u00e4rvisyd\u00e4men v\u00e4litt\u00f6m\u00e4\u00e4n l\u00e4heisyyteen.<\/p>\n<p>        <a itemprop=\"url\" href=\"https:\/\/www.seiska.fi\/kotimaa\/leskeksi-jaaneelta-jutta-larmilta-koskettava-ulostulo\/1996262\" rel=\"nofollow noopener\" target=\"_blank\"><\/p>\n<p>\nMenetti puolisonsa traagisesti\n<\/p>\n<p class=\"section-date\">\n        <strong class=\"article-section\" data-section=\"kotimaa\"><br \/>\n            kotimaa<br \/>\n        <\/strong><br \/>\n        18.11. 18:00\n    <\/p>\n<p>Leskeksi j\u00e4\u00e4neelt\u00e4 Jutta Larmilta koskettava ulostulo\n    <\/p>\n<p itemprop=\"description\" class=\"subtitle \">\n    Jutta kertoo el\u00e4m\u00e4\u00e4ns\u00e4 vavisuttaneesta tragediasta.\n<\/p>\n<p>        <\/a><\/p>\n<p class=\"article-content article-content-width !bg-background\">Kuru onkin yksi J\u00e4rvisyd\u00e4n Oy:n tyt\u00e4ryhti\u00f6ist\u00e4.<\/p>\n<p>                <img decoding=\"async\" src=\"https:\/\/www.europesays.com\/fi\/wp-content\/uploads\/2025\/11\/1764098469_246_1996365.webp\" width=\"576\" height=\"720\" alt=\"Larmit ovat komea pari.\" loading=\"lazy\" \/>            <\/p>\n<p>\n            Larmit ovat komea pari.<br \/>\n            Timo Korhonen\n        <\/p>\n<p>J\u00e4rvisyd\u00e4men haasteet<\/p>\n<p class=\"article-content article-content-width !bg-background\">Legendaarinen J\u00e4rvisyd\u00e4n on kuitenkin kohdannut viime aikoina vastoink\u00e4ymisi\u00e4 toisensa j\u00e4lkeen.<\/p>\n<p class=\"article-content article-content-width !bg-background\">J\u00e4rvisyd\u00e4nt\u00e4 haettiin aiemmin syksyll\u00e4 konkurssiin, mutta hakemus peruttiin, kun yritys sai maksettua velkansa.<\/p>\n<p>        <a itemprop=\"url\" href=\"https:\/\/www.seiska.fi\/katso\/tassa-ovat-uudet-iholla-julkkikset\/1983160\" rel=\"nofollow noopener\" target=\"_blank\"><\/p>\n<p>\nIholla-sarja\n<\/p>\n<p class=\"section-date\">\n        <strong class=\"article-section\" data-section=\"katso\"><br \/>\n            katso<br \/>\n        <\/strong><br \/>\n        4.11. 15:15\n    <\/p>\n<p>T\u00e4ss\u00e4 ovat uudet Iholla-julkkikset\n    <\/p>\n<p itemprop=\"description\" class=\"subtitle \">\n    Suosittu realitysarja Iholla palaa Maikkarille alkuvuodesta.\n<\/p>\n<p>        <\/a><\/p>\n<p class=\"article-content article-content-width !bg-background\">\u2013 Julkisuudessa ollut konkurssiasia on hoidettu vastapuolen kanssa. Toimintamme jatkuu t\u00e4ysin normaalisti ja kaikki palvelut ovat avoinna normaalien aikataulujen mukaisesti, yritys ilmoitti somessa syyskuun lopussa.<\/p>\n<p class=\"article-content article-content-width !bg-background\">Jo aiemmin hein\u00e4kuussa kylpyl\u00e4st\u00e4 l\u00f6ydettiin legionellaa, mik\u00e4 vaikutti luonnollisesti kylpyl\u00e4n toimintoihin.<\/p>\n<p class=\"article-content article-content-width !bg-background\">Elokuussa tilanne paheni, ja kylpyl\u00e4 oli t\u00e4m\u00e4n vuoksi suljettunakin.<\/p>\n<p>                <img decoding=\"async\" src=\"https:\/\/www.europesays.com\/fi\/wp-content\/uploads\/2025\/11\/2003927.webp\" width=\"576\" height=\"274\" alt=\"J\u00e4rvisyd\u00e4nt\u00e4 on koeteltu viimeisten kuukausien aikana.\" loading=\"lazy\" \/>            <\/p>\n<p>\n            J\u00e4rvisyd\u00e4nt\u00e4 on koeteltu viimeisten kuukausien aikana.<br \/>\n            J\u00e4rvisyd\u00e4n\n        <\/p>\n<p>Haetaan j\u00e4lleen konkkaan<\/p>\n<p class=\"article-content article-content-width !bg-background\">Nyt <a href=\"https:\/\/www.is.fi\/taloussanomat\/art-2000011650327.html\" target=\"_blank\" rel=\"nofollow noopener\">Ilta-Sanomat tiet\u00e4\u00e4 kertoa, ett\u00e4 maksukyvytt\u00f6myysrekisterin<\/a> mukaan Jutan ja Juhan Larm Marketing -yritys hakee J\u00e4rvisyd\u00e4nt\u00e4 konkurssiin.<\/p>\n<p>        <a itemprop=\"url\" href=\"https:\/\/www.seiska.fi\/kotimaa\/jutta-larm-avautuu-avioliitostaan-joistain-asioista-on-toki-keskusteltu\/1951910\" rel=\"nofollow noopener\" target=\"_blank\"><\/p>\n<p>\nAvautuminen liitosta\n<\/p>\n<p class=\"section-date\">\n        <strong class=\"article-section\" data-section=\"kotimaa\"><br \/>\n            kotimaa<br \/>\n        <\/strong><br \/>\n        5.10. 14:30\n    <\/p>\n<p>Jutta Larm avautuu avioliitostaan: &#8221;Joistain asioista on toki keskusteltu&#8221;\n    <\/p>\n<p itemprop=\"description\" class=\"subtitle \">\n    Jutta ja Juha Larm meniv\u00e4t naimisiin vuonna 2018.\n<\/p>\n<p>        <\/a><\/p>\n<p class=\"article-content article-content-width !bg-background\">Tapaus on tuore, sill\u00e4 IS:n mukaan konkurssihakemus on j\u00e4tetty Etel\u00e4-Savon k\u00e4r\u00e4j\u00e4oikeuteen tiistaina.<\/p>\n<p class=\"article-content article-content-width !bg-background\">Toisella kotimaisella siis: Jutalla ja Juhalla on rahaa saamatta, mik\u00e4 on luonnollisesti ik\u00e4v\u00e4\u00e4.<\/p>\n<p>                <img decoding=\"async\" src=\"https:\/\/www.europesays.com\/fi\/wp-content\/uploads\/2025\/11\/2003929.webp\" width=\"576\" height=\"600\" alt=\"N\u00e4ht\u00e4v\u00e4ksi j\u00e4\u00e4, mik\u00e4 on kylpyl\u00e4hotellin kohtalo.\" loading=\"lazy\" \/>            <\/p>\n<p>\n            N\u00e4ht\u00e4v\u00e4ksi j\u00e4\u00e4, mik\u00e4 on kylpyl\u00e4hotellin kohtalo.<br \/>\n            J\u00e4rvisyd\u00e4n\n        <\/p>\n<p>Hyv\u00e4ksik\u00e4ytt\u00f6\u00e4 <\/p>\n<p class=\"article-content article-content-width !bg-background\">J\u00e4rvisyd\u00e4n on ollut muutenkin esill\u00e4 ik\u00e4v\u00e4ss\u00e4 valossa.<\/p>\n<p class=\"article-content article-content-width !bg-background\">Helsingin Sanomien toimittaja  paljasti Pitk\u00e4 vuoro \u2013 Kuinka moderni orjuus juurtui Suomeen -kirjassaan, ett\u00e4 J\u00e4rvisyd\u00e4n Oy:n toiminnassa oli esiintynyt j\u00e4rjestelm\u00e4llist\u00e4 ulkomaalaistaustaisten ty\u00f6ntekij\u00f6iden hyv\u00e4ksik\u00e4ytt\u00f6\u00e4.<\/p>\n<p class=\"article-content article-content-width !bg-background\">Kirjan mukaan t\u00e4m\u00e4 koski erityisesti ukrainalaissotapakolaisten ty\u00f6ehtojen polkemista.<\/p>\n","protected":false},"excerpt":{"rendered":"Pasi Murto Kolme J:t\u00e4: Jutta, Juha, J\u00e4rvisyd\u00e4n. ja aviomies ovat molemmat hyvinvointiyritt\u00e4ji\u00e4 ja mukana monessa muussakin. Kes\u00e4ll\u00e4 2020&hellip;\n","protected":false},"author":2,"featured_media":99889,"comment_status":"","ping_status":"","sticky":false,"template":"","format":"standard","meta":{"footnotes":""},"categories":[136],"tags":[407,137,33,31,30,5952,19222,4110,408,4111,1167,212,32,109],"class_list":{"0":"post-99888","1":"post","2":"type-post","3":"status-publish","4":"format-standard","5":"has-post-thumbnail","7":"category-julkkikset","8":"tag-celebrities","9":"tag-entertainment","10":"tag-fi","11":"tag-finland","12":"tag-finnish","13":"tag-hyvaksikaytto","14":"tag-jarvisydan","15":"tag-juha-larm","16":"tag-julkkikset","17":"tag-jutta-larm","18":"tag-konkurssi","19":"tag-lifestyle","20":"tag-suomi","21":"tag-viihde"},"share_on_mastodon":{"url":"https:\/\/pubeurope.com\/@fi\/115611965011656989","error":""},"_links":{"self":[{"href":"https:\/\/www.europesays.com\/fi\/wp-json\/wp\/v2\/posts\/99888","targetHints":{"allow":["GET"]}}],"collection":[{"href":"https:\/\/www.europesays.com\/fi\/wp-json\/wp\/v2\/posts"}],"about":[{"href":"https:\/\/www.europesays.com\/fi\/wp-json\/wp\/v2\/types\/post"}],"author":[{"embeddable":true,"href":"https:\/\/www.europesays.com\/fi\/wp-json\/wp\/v2\/users\/2"}],"replies":[{"embeddable":true,"href":"https:\/\/www.europesays.com\/fi\/wp-json\/wp\/v2\/comments?post=99888"}],"version-history":[{"count":0,"href":"https:\/\/www.europesays.com\/fi\/wp-json\/wp\/v2\/posts\/99888\/revisions"}],"wp:featuredmedia":[{"embeddable":true,"href":"https:\/\/www.europesays.com\/fi\/wp-json\/wp\/v2\/media\/99889"}],"wp:attachment":[{"href":"https:\/\/www.europesays.com\/fi\/wp-json\/wp\/v2\/media?parent=99888"}],"wp:term":[{"taxonomy":"category","embeddable":true,"href":"https:\/\/www.europesays.com\/fi\/wp-json\/wp\/v2\/categories?post=99888"},{"taxonomy":"post_tag","embeddable":true,"href":"https:\/\/www.europesays.com\/fi\/wp-json\/wp\/v2\/tags?post=99888"}],"curies":[{"name":"wp","href":"https:\/\/api.w.org\/{rel}","templated":true}]}}