{"id":99954,"date":"2025-11-25T21:08:09","date_gmt":"2025-11-25T21:08:09","guid":{"rendered":"https:\/\/www.europesays.com\/fi\/99954\/"},"modified":"2025-11-25T21:08:09","modified_gmt":"2025-11-25T21:08:09","slug":"supersuosittu-poliisit-sarja-palaa-nain-se-oli-mahdollista-ja-nain-se-muuttuu","status":"publish","type":"post","link":"https:\/\/www.europesays.com\/fi\/99954\/","title":{"rendered":"Supersuosittu Poliisit-sarja palaa &#8211; n\u00e4in se oli mahdollista ja n\u00e4in se muuttuu"},"content":{"rendered":"<p>Uutuussarja Poliisit 24\/7 seuraa poliisipartioiden ty\u00f6t\u00e4 Kuopiossa, Oulussa, Hyvink\u00e4\u00e4ll\u00e4 ja Tampereella. Ohjelma alkaa Ruudussa ja Nelosella 14. tammikuuta.<\/p>\n<p>Sarjassa p\u00e4\u00e4st\u00e4\u00e4n n\u00e4kem\u00e4\u00e4n poliisipartioiden todellisia ty\u00f6teht\u00e4vi\u00e4, joissa poliisi turvaa suomalaisten arkea ymp\u00e4ri vuorokauden.<\/p>\n<p>Mutta hetkinen! Eik\u00f6s t\u00e4m\u00e4 ohjelma pari vuotta sitten \u201dkielletty?\u201d No, kyll\u00e4 n\u00e4in oli. Mik\u00e4 sitten on muuttunut?<\/p>\n<p>N\u00e4in ohjelma muuttuu<\/p>\n<p>Supersuosittu Poliisit-sarja ehti py\u00f6ri\u00e4 14 kautta. Sitten tuli stoppi. Kaikki l\u00e4hti siit\u00e4, kun eduskunnan oikeusasiamies kertoi joulukuussa 2022 antamassaan ratkaisussa, ett\u00e4 sarjan tekeminen on ongelmallista, koska ulkopuolinen kuvausryhm\u00e4 voisi saada kuvauksissa tietoonsa salassa pidett\u00e4vi\u00e4 tietoja.<\/p>\n<p>Poliisit-sarjaa seuraava uusi Poliisit 24\/7 onkin toteutettu poliisin yleisi\u00e4 mediaperiaatteita noudattaen. Tuotannon jokaisessa vaiheessa on noudatettu eduskunnan oikeusasianmiehen m\u00e4\u00e4ritt\u00e4mi\u00e4 reunaehtoja viranomaistoiminnan seuraamiseksi.<\/p>\n<p>Se kannattaa ottaa huomioon, ett\u00e4 formaatti on oma itsen\u00e4inen ohjelmakonsepti, ei siis Poliisit-sarjan jatko. Uudistuksia ovat muun muassa se, ett\u00e4 kuvaaja ei ole mukana poliisiautossa vaan kuvausryhm\u00e4 liikkuu omalla autolla. Poliiseilla ei my\u00f6sk\u00e4\u00e4n ole \u00e4\u00e4nt\u00e4 tallentavia mikrofoneja asuissaan. \u00a0Tavoitteena on ollut varmistaa tietosuoja ja salassapito, jotta vastaavia ongelmia ei en\u00e4\u00e4 synny.\u00a0<\/p>\n<p>T\u00e4t\u00e4 on luvassa<\/p>\n<p>Uudessa Poliisit 24\/7 -sarjassa kohdataan ty\u00f6n karuinta puolta. N\u00e4emme kes\u00e4n hellejakson traagiset hukkumistapaukset, alfa-pvp:n aiheuttamat ongelmat, skuuttiturmat ja muut j\u00e4rjestysh\u00e4iri\u00f6t.<\/p>\n<p> Kaudella ollaan mukana my\u00f6s uutisotsikoihin p\u00e4\u00e4tyneiss\u00e4 tapahtumissa, kuten Tampereen kerrostalopalossa.<\/p>\n<p>Lue my\u00f6s: <a href=\"https:\/\/www.como.fi\/tilaa-comon-uutiskirje\/\" title=\"Tilaa Comon uutiskirje ja tied\u00e4t mist\u00e4 kahvitauolla puhutaan! Nappaa kotimaan tv-vinkit ja puheenaiheet suoraan s\u00e4hk\u00f6postiin t\u00e4st\u00e4.\" class=\"underline-custom !font-montserrat !font-bold !underline-offset-4 !decoration-4 !decoration-red-600 !text-md\" rel=\"nofollow noopener\" target=\"_blank\">Tilaa Comon uutiskirje ja tied\u00e4t mist\u00e4 kahvitauolla puhutaan! Nappaa kotimaan tv-vinkit ja puheenaiheet suoraan s\u00e4hk\u00f6postiin t\u00e4st\u00e4.<\/a><\/p>\n","protected":false},"excerpt":{"rendered":"Uutuussarja Poliisit 24\/7 seuraa poliisipartioiden ty\u00f6t\u00e4 Kuopiossa, Oulussa, Hyvink\u00e4\u00e4ll\u00e4 ja Tampereella. Ohjelma alkaa Ruudussa ja Nelosella 14. tammikuuta.&hellip;\n","protected":false},"author":2,"featured_media":99955,"comment_status":"","ping_status":"","sticky":false,"template":"","format":"standard","meta":{"footnotes":""},"categories":[133],"tags":[137,33,31,30,32,206,139,156,109],"class_list":{"0":"post-99954","1":"post","2":"type-post","3":"status-publish","4":"format-standard","5":"has-post-thumbnail","7":"category-televisiot","8":"tag-entertainment","9":"tag-fi","10":"tag-finland","11":"tag-finnish","12":"tag-suomi","13":"tag-televisiot","14":"tag-tv-ohjelmat","15":"tag-tv","16":"tag-viihde"},"share_on_mastodon":{"url":"https:\/\/pubeurope.com\/@fi\/115612385404624048","error":""},"_links":{"self":[{"href":"https:\/\/www.europesays.com\/fi\/wp-json\/wp\/v2\/posts\/99954","targetHints":{"allow":["GET"]}}],"collection":[{"href":"https:\/\/www.europesays.com\/fi\/wp-json\/wp\/v2\/posts"}],"about":[{"href":"https:\/\/www.europesays.com\/fi\/wp-json\/wp\/v2\/types\/post"}],"author":[{"embeddable":true,"href":"https:\/\/www.europesays.com\/fi\/wp-json\/wp\/v2\/users\/2"}],"replies":[{"embeddable":true,"href":"https:\/\/www.europesays.com\/fi\/wp-json\/wp\/v2\/comments?post=99954"}],"version-history":[{"count":0,"href":"https:\/\/www.europesays.com\/fi\/wp-json\/wp\/v2\/posts\/99954\/revisions"}],"wp:featuredmedia":[{"embeddable":true,"href":"https:\/\/www.europesays.com\/fi\/wp-json\/wp\/v2\/media\/99955"}],"wp:attachment":[{"href":"https:\/\/www.europesays.com\/fi\/wp-json\/wp\/v2\/media?parent=99954"}],"wp:term":[{"taxonomy":"category","embeddable":true,"href":"https:\/\/www.europesays.com\/fi\/wp-json\/wp\/v2\/categories?post=99954"},{"taxonomy":"post_tag","embeddable":true,"href":"https:\/\/www.europesays.com\/fi\/wp-json\/wp\/v2\/tags?post=99954"}],"curies":[{"name":"wp","href":"https:\/\/api.w.org\/{rel}","templated":true}]}}