{"id":99956,"date":"2025-11-25T21:10:08","date_gmt":"2025-11-25T21:10:08","guid":{"rendered":"https:\/\/www.europesays.com\/fi\/99956\/"},"modified":"2025-11-25T21:10:08","modified_gmt":"2025-11-25T21:10:08","slug":"yllatys-tuho-osasta-tekee-paluun-katso-traileri","status":"publish","type":"post","link":"https:\/\/www.europesays.com\/fi\/99956\/","title":{"rendered":"Yll\u00e4tys! Tuho-osasta tekee paluun \u2013 katso traileri"},"content":{"rendered":"<p>Hillitt\u00f6m\u00e4n hauska Scrubs eli Tuho-osasto on palamassa uusin jaksoin. T\u00e4t\u00e4 fanit ovat odottaneet!<\/p>\n<p><strong>Zach Braff, Donald Faison, Sarah Falke, John C. McGinley<\/strong> ja<strong> Judy Reyes <\/strong>ovat taas t\u00f6rm\u00e4ilem\u00e4ss\u00e4 pitkin Sacred Heart -sairaalan k\u00e4yt\u00e4vi\u00e4.<\/p>\n<p>Lue my\u00f6s: <a href=\"https:\/\/www.episodi.fi\/uutiset\/rillit-huurussa-tahdella-on-todettu-keuhkosyopa-julkaisi-videon-leikkauksen-jalkeen\/\" title=\"Rillit huurussa -t\u00e4hdell\u00e4 on todettu keuhkosy\u00f6p\u00e4 \u2013 julkaisi videon leikkauksen j\u00e4lkeen\" class=\"underline-custom !font-montserrat !font-bold !underline-offset-4 !decoration-4 !decoration-episodi-blue !text-md\" rel=\"nofollow noopener\" target=\"_blank\">Rillit huurussa -t\u00e4hdell\u00e4 on todettu keuhkosy\u00f6p\u00e4 \u2013 julkaisi videon leikkauksen j\u00e4lkeen<\/a><\/p>\n<p>Lue my\u00f6s: <a href=\"https:\/\/www.episodi.fi\/uutiset\/muistatko-tuho-osaston-luoja-bill-lawrence-elokuva-on-vaistamaton\/\" title=\"Muistatko Tuho-osaston? Luoja Bill Lawrence: \u201dElokuva on v\u00e4ist\u00e4m\u00e4t\u00f6n\u201d\" class=\"underline-custom !font-montserrat !font-bold !underline-offset-4 !decoration-4 !decoration-episodi-blue !text-md\" rel=\"nofollow noopener\" target=\"_blank\">Muistatko Tuho-osaston? Luoja Bill Lawrence: \u201dElokuva on v\u00e4ist\u00e4m\u00e4t\u00f6n\u201d<\/a><\/p>\n<p>Uudella trailerilla n\u00e4hd\u00e4\u00e4n my\u00f6s joukko uusia harjoittelijoita, joita ilmeisesti sairaalan vanhat harkkarit rupeavat opettamaan.<\/p>\n<p>Vuosina 2001\u20132010 televisiosta tullut Tuho-osasto on noussut pienimuotoiseksi kulttisarjaksi vuosien varrella.<\/p>\n<p>Uudet jaksot k\u00e4ynnistyv\u00e4t amerikkalaisella Hulu-kanavalla 25. helmikuuta 2026. Eik\u00f6h\u00e4n sarja n\u00e4hd\u00e4 my\u00f6s Suomen Disney Plussassa samoihin aikoihin.<\/p>\n<p>Mahtavaa!<\/p>\n<p>Alla traileri.<\/p>\n<p><img loading=\"lazy\" decoding=\"async\" alt=\"YouTube video\" width=\"480\" height=\"360\" data-pin-nopin=\"true\" nopin=\"nopin\" class=\"perfmatters-lazy\" src=\"https:\/\/www.europesays.com\/fi\/wp-content\/uploads\/2025\/11\/1764105008_736_hqdefault.jpg\"\/><\/p>\n","protected":false},"excerpt":{"rendered":"Hillitt\u00f6m\u00e4n hauska Scrubs eli Tuho-osasto on palamassa uusin jaksoin. T\u00e4t\u00e4 fanit ovat odottaneet! Zach Braff, Donald Faison, Sarah&hellip;\n","protected":false},"author":2,"featured_media":99957,"comment_status":"","ping_status":"","sticky":false,"template":"","format":"standard","meta":{"footnotes":""},"categories":[131],"tags":[155,137,33,173,31,30,1042,172,19233,32,19234,109,19235],"class_list":{"0":"post-99956","1":"post","2":"type-post","3":"status-publish","4":"format-standard","5":"has-post-thumbnail","7":"category-elokuvat","8":"tag-elokuvat","9":"tag-entertainment","10":"tag-fi","11":"tag-film","12":"tag-finland","13":"tag-finnish","14":"tag-komedia","15":"tag-movies","16":"tag-scrubs","17":"tag-suomi","18":"tag-tuho-osasto","19":"tag-viihde","20":"tag-zach-braff"},"share_on_mastodon":{"url":"https:\/\/pubeurope.com\/@fi\/115612393658692687","error":""},"_links":{"self":[{"href":"https:\/\/www.europesays.com\/fi\/wp-json\/wp\/v2\/posts\/99956","targetHints":{"allow":["GET"]}}],"collection":[{"href":"https:\/\/www.europesays.com\/fi\/wp-json\/wp\/v2\/posts"}],"about":[{"href":"https:\/\/www.europesays.com\/fi\/wp-json\/wp\/v2\/types\/post"}],"author":[{"embeddable":true,"href":"https:\/\/www.europesays.com\/fi\/wp-json\/wp\/v2\/users\/2"}],"replies":[{"embeddable":true,"href":"https:\/\/www.europesays.com\/fi\/wp-json\/wp\/v2\/comments?post=99956"}],"version-history":[{"count":0,"href":"https:\/\/www.europesays.com\/fi\/wp-json\/wp\/v2\/posts\/99956\/revisions"}],"wp:featuredmedia":[{"embeddable":true,"href":"https:\/\/www.europesays.com\/fi\/wp-json\/wp\/v2\/media\/99957"}],"wp:attachment":[{"href":"https:\/\/www.europesays.com\/fi\/wp-json\/wp\/v2\/media?parent=99956"}],"wp:term":[{"taxonomy":"category","embeddable":true,"href":"https:\/\/www.europesays.com\/fi\/wp-json\/wp\/v2\/categories?post=99956"},{"taxonomy":"post_tag","embeddable":true,"href":"https:\/\/www.europesays.com\/fi\/wp-json\/wp\/v2\/tags?post=99956"}],"curies":[{"name":"wp","href":"https:\/\/api.w.org\/{rel}","templated":true}]}}