{"id":99983,"date":"2025-11-25T21:45:08","date_gmt":"2025-11-25T21:45:08","guid":{"rendered":"https:\/\/www.europesays.com\/fi\/99983\/"},"modified":"2025-11-25T21:45:08","modified_gmt":"2025-11-25T21:45:08","slug":"pariisissa-pidatetty-kolme-ihmista-epailtyna-vakoilemisesta-venajalle-uutisia-lyhyesti","status":"publish","type":"post","link":"https:\/\/www.europesays.com\/fi\/99983\/","title":{"rendered":"Pariisissa pid\u00e4tetty kolme ihmist\u00e4 ep\u00e4iltyn\u00e4 vakoilemisesta Ven\u00e4j\u00e4lle | Uutisia lyhyesti"},"content":{"rendered":"<p class=\"aw-1gybjub aw-1p7kakr kEtdKx cEmitX yle__article__paragraph\">Ranskan p\u00e4\u00e4kaupungissa Pariisissa viranomaiset ovat pid\u00e4tt\u00e4neet kolme ihmist\u00e4 ep\u00e4iltyn\u00e4 vakoilemisesta sek\u00e4 sotapropagandan levitt\u00e4misest\u00e4 Ven\u00e4j\u00e4n hyv\u00e4ksi. Asiasta kertoo uutistoimisto AFP viitaten syytt\u00e4j\u00e4viranomaisen tietoihin.<\/p>\n<p class=\"aw-1gybjub aw-1p7kakr kEtdKx cEmitX yle__article__paragraph\">Tutkinta kohdistuu syytt\u00e4j\u00e4n mukaan ranskalais-ven\u00e4l\u00e4iseen yhdistykseen.<\/p>\n<p class=\"aw-1gybjub aw-1p7kakr kEtdKx cEmitX yle__article__paragraph\">Yksi pid\u00e4tetyist\u00e4, 40-vuotias ven\u00e4l\u00e4ismies, oli valvontakameroiden kuvaaman videon mukaan kiinnitt\u00e4nyt Ven\u00e4j\u00e4-my\u00f6nteisi\u00e4 julisteita Riemukaareen Pariisissa syyskuussa. Sen j\u00e4lkeen mies oli ilmoittautunut SOS Donbass -yhdistyksen johtajalle, 40-vuotiaalle naiselle, jota Ranskan vastavakoilu viranomaiset ovat ep\u00e4illeet taloustietojen urkkimisesta ranskalaisyritysten johtajilta.<\/p>\n<p class=\"aw-1gybjub aw-1p7kakr kEtdKx cEmitX yle__article__paragraph\">L\u00e4hde: AFP<\/p>\n","protected":false},"excerpt":{"rendered":"Ranskan p\u00e4\u00e4kaupungissa Pariisissa viranomaiset ovat pid\u00e4tt\u00e4neet kolme ihmist\u00e4 ep\u00e4iltyn\u00e4 vakoilemisesta sek\u00e4 sotapropagandan levitt\u00e4misest\u00e4 Ven\u00e4j\u00e4n hyv\u00e4ksi. Asiasta kertoo uutistoimisto&hellip;\n","protected":false},"author":2,"featured_media":74,"comment_status":"","ping_status":"","sticky":false,"template":"","format":"standard","meta":{"footnotes":""},"categories":[5],"tags":[22,23,26,27,33,31,30,17,24,25,28,29,15,18,21,4684,1283,1422,1263,32,19,20,56,16,14843,6104,547],"class_list":{"0":"post-99983","1":"post","2":"type-post","3":"status-publish","4":"format-standard","5":"has-post-thumbnail","7":"category-otsikot","8":"tag-breaking-news","9":"tag-breakingnews","10":"tag-featured-news","11":"tag-featurednews","12":"tag-fi","13":"tag-finland","14":"tag-finnish","15":"tag-headlines","16":"tag-latest-news","17":"tag-latestnews","18":"tag-main-news","19":"tag-mainnews","20":"tag-news","21":"tag-otsikot","22":"tag-paauutiset","23":"tag-pariisi","24":"tag-poliisitutkinta","25":"tag-ranska","26":"tag-rikosepailyt","27":"tag-suomi","28":"tag-top-stories","29":"tag-topstories","30":"tag-ulkomaat","31":"tag-uutiset","32":"tag-vakoilijat","33":"tag-vakoilu","34":"tag-venaja"},"share_on_mastodon":{"url":"https:\/\/pubeurope.com\/@fi\/115612530974450285","error":""},"_links":{"self":[{"href":"https:\/\/www.europesays.com\/fi\/wp-json\/wp\/v2\/posts\/99983","targetHints":{"allow":["GET"]}}],"collection":[{"href":"https:\/\/www.europesays.com\/fi\/wp-json\/wp\/v2\/posts"}],"about":[{"href":"https:\/\/www.europesays.com\/fi\/wp-json\/wp\/v2\/types\/post"}],"author":[{"embeddable":true,"href":"https:\/\/www.europesays.com\/fi\/wp-json\/wp\/v2\/users\/2"}],"replies":[{"embeddable":true,"href":"https:\/\/www.europesays.com\/fi\/wp-json\/wp\/v2\/comments?post=99983"}],"version-history":[{"count":0,"href":"https:\/\/www.europesays.com\/fi\/wp-json\/wp\/v2\/posts\/99983\/revisions"}],"wp:featuredmedia":[{"embeddable":true,"href":"https:\/\/www.europesays.com\/fi\/wp-json\/wp\/v2\/media\/74"}],"wp:attachment":[{"href":"https:\/\/www.europesays.com\/fi\/wp-json\/wp\/v2\/media?parent=99983"}],"wp:term":[{"taxonomy":"category","embeddable":true,"href":"https:\/\/www.europesays.com\/fi\/wp-json\/wp\/v2\/categories?post=99983"},{"taxonomy":"post_tag","embeddable":true,"href":"https:\/\/www.europesays.com\/fi\/wp-json\/wp\/v2\/tags?post=99983"}],"curies":[{"name":"wp","href":"https:\/\/api.w.org\/{rel}","templated":true}]}}