{"id":12432,"count":25,"description":"","link":"https:\/\/www.europesays.com\/fi\/tag\/talta-han-nayttaa-nyt\/","name":"t\u00e4lt\u00e4 h\u00e4n n\u00e4ytt\u00e4\u00e4 nyt","slug":"talta-han-nayttaa-nyt","taxonomy":"post_tag","meta":[],"_links":{"self":[{"href":"https:\/\/www.europesays.com\/fi\/wp-json\/wp\/v2\/tags\/12432","targetHints":{"allow":["GET"]}}],"collection":[{"href":"https:\/\/www.europesays.com\/fi\/wp-json\/wp\/v2\/tags"}],"about":[{"href":"https:\/\/www.europesays.com\/fi\/wp-json\/wp\/v2\/taxonomies\/post_tag"}],"wp:post_type":[{"href":"https:\/\/www.europesays.com\/fi\/wp-json\/wp\/v2\/posts?tags=12432"}],"curies":[{"name":"wp","href":"https:\/\/api.w.org\/{rel}","templated":true}]}}