{"id":12924,"count":3,"description":"","link":"https:\/\/www.europesays.com\/fi\/tag\/pilvi-hamalainen\/","name":"pilvi h\u00e4m\u00e4l\u00e4inen","slug":"pilvi-hamalainen","taxonomy":"post_tag","meta":[],"_links":{"self":[{"href":"https:\/\/www.europesays.com\/fi\/wp-json\/wp\/v2\/tags\/12924","targetHints":{"allow":["GET"]}}],"collection":[{"href":"https:\/\/www.europesays.com\/fi\/wp-json\/wp\/v2\/tags"}],"about":[{"href":"https:\/\/www.europesays.com\/fi\/wp-json\/wp\/v2\/taxonomies\/post_tag"}],"wp:post_type":[{"href":"https:\/\/www.europesays.com\/fi\/wp-json\/wp\/v2\/posts?tags=12924"}],"curies":[{"name":"wp","href":"https:\/\/api.w.org\/{rel}","templated":true}]}}