{"id":13702,"count":1,"description":"","link":"https:\/\/www.europesays.com\/fi\/tag\/heinaa-ja-muutama-vesipera\/","name":"hein\u00e4\u00e4 ja muutama vesiper\u00e4","slug":"heinaa-ja-muutama-vesipera","taxonomy":"post_tag","meta":[],"_links":{"self":[{"href":"https:\/\/www.europesays.com\/fi\/wp-json\/wp\/v2\/tags\/13702","targetHints":{"allow":["GET"]}}],"collection":[{"href":"https:\/\/www.europesays.com\/fi\/wp-json\/wp\/v2\/tags"}],"about":[{"href":"https:\/\/www.europesays.com\/fi\/wp-json\/wp\/v2\/taxonomies\/post_tag"}],"wp:post_type":[{"href":"https:\/\/www.europesays.com\/fi\/wp-json\/wp\/v2\/posts?tags=13702"}],"curies":[{"name":"wp","href":"https:\/\/api.w.org\/{rel}","templated":true}]}}