{"id":20008,"count":1,"description":"","link":"https:\/\/www.europesays.com\/fi\/tag\/kalpa-havisi-gavlessa-murskalukemin-chl-02-12-2025-uutiset-jatkoaika-com-kaikki-jaakiekosta\/","name":"KalPa h\u00e4visi G\u00e4vless\u00e4 murskalukemin - CHL - 02.12.2025 - Uutiset - Jatkoaika.com - Kaikki j\u00e4\u00e4kiekosta","slug":"kalpa-havisi-gavlessa-murskalukemin-chl-02-12-2025-uutiset-jatkoaika-com-kaikki-jaakiekosta","taxonomy":"post_tag","meta":[],"_links":{"self":[{"href":"https:\/\/www.europesays.com\/fi\/wp-json\/wp\/v2\/tags\/20008","targetHints":{"allow":["GET"]}}],"collection":[{"href":"https:\/\/www.europesays.com\/fi\/wp-json\/wp\/v2\/tags"}],"about":[{"href":"https:\/\/www.europesays.com\/fi\/wp-json\/wp\/v2\/taxonomies\/post_tag"}],"wp:post_type":[{"href":"https:\/\/www.europesays.com\/fi\/wp-json\/wp\/v2\/posts?tags=20008"}],"curies":[{"name":"wp","href":"https:\/\/api.w.org\/{rel}","templated":true}]}}