{"id":22283,"count":1,"description":"","link":"https:\/\/www.europesays.com\/fi\/tag\/nuorten-leijonien-mm-joukkue-valittu-ei-muutoksia-leiriryhmaan-verrattuna-maajoukkue-24-12-2025-uutiset-jatkoaika-com-kaikki-jaakiekosta\/","name":"Nuorten Leijonien MM-joukkue valittu \u2013 ei muutoksia leiriryhm\u00e4\u00e4n verrattuna - MAAJOUKKUE - 24.12.2025 - Uutiset - Jatkoaika.com - Kaikki j\u00e4\u00e4kiekosta","slug":"nuorten-leijonien-mm-joukkue-valittu-ei-muutoksia-leiriryhmaan-verrattuna-maajoukkue-24-12-2025-uutiset-jatkoaika-com-kaikki-jaakiekosta","taxonomy":"post_tag","meta":[],"_links":{"self":[{"href":"https:\/\/www.europesays.com\/fi\/wp-json\/wp\/v2\/tags\/22283","targetHints":{"allow":["GET"]}}],"collection":[{"href":"https:\/\/www.europesays.com\/fi\/wp-json\/wp\/v2\/tags"}],"about":[{"href":"https:\/\/www.europesays.com\/fi\/wp-json\/wp\/v2\/taxonomies\/post_tag"}],"wp:post_type":[{"href":"https:\/\/www.europesays.com\/fi\/wp-json\/wp\/v2\/posts?tags=22283"}],"curies":[{"name":"wp","href":"https:\/\/api.w.org\/{rel}","templated":true}]}}