{"id":23931,"count":1,"description":"","link":"https:\/\/www.europesays.com\/fi\/tag\/sportin-jattanyt-branden-troock-loysi-toita-hc-vitkovicesta\/","name":"Sportin j\u00e4tt\u00e4nyt Branden Troock l\u00f6ysi t\u00f6it\u00e4 HC V\u00edtkovicesta","slug":"sportin-jattanyt-branden-troock-loysi-toita-hc-vitkovicesta","taxonomy":"post_tag","meta":[],"_links":{"self":[{"href":"https:\/\/www.europesays.com\/fi\/wp-json\/wp\/v2\/tags\/23931","targetHints":{"allow":["GET"]}}],"collection":[{"href":"https:\/\/www.europesays.com\/fi\/wp-json\/wp\/v2\/tags"}],"about":[{"href":"https:\/\/www.europesays.com\/fi\/wp-json\/wp\/v2\/taxonomies\/post_tag"}],"wp:post_type":[{"href":"https:\/\/www.europesays.com\/fi\/wp-json\/wp\/v2\/posts?tags=23931"}],"curies":[{"name":"wp","href":"https:\/\/api.w.org\/{rel}","templated":true}]}}