{"id":23932,"count":1,"description":"","link":"https:\/\/www.europesays.com\/fi\/tag\/myos-miketinac-lahtokuopissa-liiga-09-01-2026-uutiset-jatkoaika-com-kaikki-jaakiekosta\/","name":"my\u00f6s Miketinac l\u00e4ht\u00f6kuopissa - LIIGA - 09.01.2026 - Uutiset - Jatkoaika.com - Kaikki j\u00e4\u00e4kiekosta","slug":"myos-miketinac-lahtokuopissa-liiga-09-01-2026-uutiset-jatkoaika-com-kaikki-jaakiekosta","taxonomy":"post_tag","meta":[],"_links":{"self":[{"href":"https:\/\/www.europesays.com\/fi\/wp-json\/wp\/v2\/tags\/23932","targetHints":{"allow":["GET"]}}],"collection":[{"href":"https:\/\/www.europesays.com\/fi\/wp-json\/wp\/v2\/tags"}],"about":[{"href":"https:\/\/www.europesays.com\/fi\/wp-json\/wp\/v2\/taxonomies\/post_tag"}],"wp:post_type":[{"href":"https:\/\/www.europesays.com\/fi\/wp-json\/wp\/v2\/posts?tags=23932"}],"curies":[{"name":"wp","href":"https:\/\/api.w.org\/{rel}","templated":true}]}}