{"id":2591,"count":37,"description":"","link":"https:\/\/www.europesays.com\/fi\/tag\/venajan-hyokkays-ukrainaan\/","name":"Ven\u00e4j\u00e4n hy\u00f6kk\u00e4ys Ukrainaan","slug":"venajan-hyokkays-ukrainaan","taxonomy":"post_tag","meta":[],"_links":{"self":[{"href":"https:\/\/www.europesays.com\/fi\/wp-json\/wp\/v2\/tags\/2591","targetHints":{"allow":["GET"]}}],"collection":[{"href":"https:\/\/www.europesays.com\/fi\/wp-json\/wp\/v2\/tags"}],"about":[{"href":"https:\/\/www.europesays.com\/fi\/wp-json\/wp\/v2\/taxonomies\/post_tag"}],"wp:post_type":[{"href":"https:\/\/www.europesays.com\/fi\/wp-json\/wp\/v2\/posts?tags=2591"}],"curies":[{"name":"wp","href":"https:\/\/api.w.org\/{rel}","templated":true}]}}