{"id":9103,"count":18,"description":"","link":"https:\/\/www.europesays.com\/fi\/tag\/joonas-makarainen\/","name":"joonas m\u00e4k\u00e4r\u00e4inen","slug":"joonas-makarainen","taxonomy":"post_tag","meta":[],"_links":{"self":[{"href":"https:\/\/www.europesays.com\/fi\/wp-json\/wp\/v2\/tags\/9103","targetHints":{"allow":["GET"]}}],"collection":[{"href":"https:\/\/www.europesays.com\/fi\/wp-json\/wp\/v2\/tags"}],"about":[{"href":"https:\/\/www.europesays.com\/fi\/wp-json\/wp\/v2\/taxonomies\/post_tag"}],"wp:post_type":[{"href":"https:\/\/www.europesays.com\/fi\/wp-json\/wp\/v2\/posts?tags=9103"}],"curies":[{"name":"wp","href":"https:\/\/api.w.org\/{rel}","templated":true}]}}