{"id":9397,"count":1,"description":"","link":"https:\/\/www.europesays.com\/fi\/tag\/meidan-tassa-kuuluisi-rakastuu\/","name":"meid\u00e4n t\u00e4ss\u00e4 kuuluisi rakastuu","slug":"meidan-tassa-kuuluisi-rakastuu","taxonomy":"post_tag","meta":[],"_links":{"self":[{"href":"https:\/\/www.europesays.com\/fi\/wp-json\/wp\/v2\/tags\/9397","targetHints":{"allow":["GET"]}}],"collection":[{"href":"https:\/\/www.europesays.com\/fi\/wp-json\/wp\/v2\/tags"}],"about":[{"href":"https:\/\/www.europesays.com\/fi\/wp-json\/wp\/v2\/taxonomies\/post_tag"}],"wp:post_type":[{"href":"https:\/\/www.europesays.com\/fi\/wp-json\/wp\/v2\/posts?tags=9397"}],"curies":[{"name":"wp","href":"https:\/\/api.w.org\/{rel}","templated":true}]}}