{"id":269503,"date":"2026-09-02T20:54:42","date_gmt":"2026-09-02T20:54:42","guid":{"rendered":"https:\/\/www.europesays.com\/forums\/269503\/"},"modified":"2026-09-02T20:54:42","modified_gmt":"2026-09-02T20:54:42","slug":"koke-duboka-i-dirljiva-prica-u-kojoj-se-svaki-balkanac-moze-prepoznati","status":"publish","type":"post","link":"https:\/\/www.europesays.com\/forums\/269503\/","title":{"rendered":"Koke- duboka i dirljiva pri\u010da u kojoj se svaki Balkanac mo\u017ee prepoznati"},"content":{"rendered":"<p><img decoding=\"async\" src=\"https:\/\/www.europesays.com\/forums\/wp-content\/uploads\/2026\/09\/6krahysa76nh1.jpeg\" \/><br \/>\n<br \/>\n<!-- SC_OFF --><\/p>\n<div class=\"md\">\n<p>Ve\u0107 neko vrijeme nisam pogledao stvarno odli\u010dan film. Niti sam imao pretjerano vremena za i\u0107i u kino. Ali, eto, ne\u0161to mi se ipak sve uspjelo poslo\u017eiti kako treba, pa sam jedan od meni osobno naji\u0161\u010dekivanijih filmova godine uspio uhvatiti na velikome platnu. I, evo, priznajem, dvije godine \u010dekanja su se isplatile; dugometra\u017eni prvijenac Igora Jelinovi\u0107a je jedan od meni najdra\u017eih filmova godine (a i doma\u0107ih filmova uop\u0107e) i, neironi\u010dno, najbolji film koji sam pogledao u zadnjih mjesec dana (gledam poprili\u010dno puno filmova, tako da je ovo big deal). <\/p>\n<p>Mislim da u ovome filmu nema ne\u010dega \u0161to nisam svim srcem uspio zavoljeti. Vizualno izgleda fantasti\u010dno (sa jako puno tamnih i ispranih boja koje, iznena\u0111uju\u0107e, ne izgledaju ru\u017eno, i voajeristi\u010dkom fotografijom koja publiku uvla\u010di u svijet i emocije likova), dijalog je prirodan, iskren i autenti\u010dan, gluma je neka od najbolje u \u010ditavoj povijesti hrvatskog filma (fakat su svi glumci pokidali, a posebno Snje\u017eana Sinov\u010di\u0107 \u0160i\u0161kov u glavnoj ulozi), a pri\u010da (koja na prvi pogled djeluje kao jo\u0161 jedan depresivan narativ o tome kako su balkanske obitelji grozne) zapravo tu jednostavno premisu uspijeva skrivati ispod poprili\u010dno bezvremenskih tema \u0161to se ti\u010de dobrobiti na\u0161e dr\u017eave i dru\u0161tva (kapitalizam, turizam, nepotizam, korupcija, prepirke oko zemlje i vlasni\u0161tva), kao i dubine, autenti\u010dnosti, \u0161arma i inteligentnih dijaloga. Kad smo ve\u0107 kod dijaloga, velika ve\u0107ina su scene sva\u0111e i raspravljanja, ali one se ne osje\u0107aju umjetno, ve\u0107 gledatelj stvarno dobiva dojam da je zapeo u cipelama random prolaznika koji nehotice postaju svjedoci kavgi likova za koje je o\u010dito da bi najra\u0111e jedni druge zadavili. Ku\u017eim da \u0107e mnogima takve stvari bit naporne za gledat i slu\u0161at, ali meni to nikad nije smetalo, osobito ne ako su OVAKO kvalitetno odra\u0111ene. Uz to \u0161to je nevjerojatno te\u017eak i u trenucima srcedrapaju\u0107, film je i iznimno duhovit. Nije to tipi\u010dan balkanjero\u0161ki &quot;psovka i dreka=haha&quot; humor koji na\u0161a publika obi\u010dno o\u010dekuje od &quot;dobrih&quot; komedija (npr. bilo koja srpska komedija ikad), ve\u0107 je to onaj sarkasti\u010dan, sirov, deadpan humor koji i svi sami, siguran sam, koristimo u svakodnevnom \u017eivotu. Koke je film o Hrvatima, napravljen za hrvatsku publiku, od strane hrvatske ekipe (iako \u0107e se u njemu mo\u0107i prona\u0107i bilo tko iz isto\u010dno-jugoisto\u010dne Europe) i zaslu\u017euje svaki tra\u010dak pohvale. <\/p>\n<p>P. S. Ok, za\u0161to ljudi jo\u0161 uvijek pri\u010daju da nitko ne ide na hrvatske filmove? Meni je ovo ve\u0107 osmi put da vidim puno kino na doma\u0107em filmu (prije ovoga su u pitanju bili Sedmo nebo, Proslava, Fiume o Morte!, \u0160lager, Dobra djeca, Svadba i Lijepa ve\u010der, lijep dan). <\/p>\n<\/div>\n<p><!-- SC_ON --><br \/>\n<br \/>&#8212;<br \/>\nSalty-Succotash3338<\/p>\n","protected":false},"excerpt":{"rendered":"Ve\u0107 neko vrijeme nisam pogledao stvarno odli\u010dan film. Niti sam imao pretjerano vremena za i\u0107i u kino. Ali,&hellip;\n","protected":false},"author":2,"featured_media":269504,"comment_status":"open","ping_status":"","sticky":false,"template":"","format":"standard","meta":{"footnotes":"","_share_on_mastodon":"0"},"categories":[8],"tags":[71],"class_list":["post-269503","post","type-post","status-publish","format-standard","has-post-thumbnail","category-croatia","tag-croatia"],"share_on_mastodon":{"url":"https:\/\/pubeurope.com\/@forums\/117203530639395598","error":""},"_links":{"self":[{"href":"https:\/\/www.europesays.com\/forums\/wp-json\/wp\/v2\/posts\/269503","targetHints":{"allow":["GET"]}}],"collection":[{"href":"https:\/\/www.europesays.com\/forums\/wp-json\/wp\/v2\/posts"}],"about":[{"href":"https:\/\/www.europesays.com\/forums\/wp-json\/wp\/v2\/types\/post"}],"author":[{"embeddable":true,"href":"https:\/\/www.europesays.com\/forums\/wp-json\/wp\/v2\/users\/2"}],"replies":[{"embeddable":true,"href":"https:\/\/www.europesays.com\/forums\/wp-json\/wp\/v2\/comments?post=269503"}],"version-history":[{"count":0,"href":"https:\/\/www.europesays.com\/forums\/wp-json\/wp\/v2\/posts\/269503\/revisions"}],"wp:featuredmedia":[{"embeddable":true,"href":"https:\/\/www.europesays.com\/forums\/wp-json\/wp\/v2\/media\/269504"}],"wp:attachment":[{"href":"https:\/\/www.europesays.com\/forums\/wp-json\/wp\/v2\/media?parent=269503"}],"wp:term":[{"taxonomy":"category","embeddable":true,"href":"https:\/\/www.europesays.com\/forums\/wp-json\/wp\/v2\/categories?post=269503"},{"taxonomy":"post_tag","embeddable":true,"href":"https:\/\/www.europesays.com\/forums\/wp-json\/wp\/v2\/tags?post=269503"}],"curies":[{"name":"wp","href":"https:\/\/api.w.org\/{rel}","templated":true}]}}