{"id":269629,"date":"2026-09-02T21:25:18","date_gmt":"2026-09-02T21:25:18","guid":{"rendered":"https:\/\/www.europesays.com\/forums\/269629\/"},"modified":"2026-09-02T21:25:18","modified_gmt":"2026-09-02T21:25:18","slug":"dnes-se-v-kyjeve-stretli-prislusnici-sbu-a-vojenske-rozvedky-gur","status":"publish","type":"post","link":"https:\/\/www.europesays.com\/forums\/269629\/","title":{"rendered":"Dnes se v Kyjev\u011b st\u0159etli p\u0159\u00edslu\u0161n\u00edci SBU a vojensk\u00e9 rozv\u011bdky GUR"},"content":{"rendered":"<p><img decoding=\"async\" src=\"https:\/\/www.europesays.com\/forums\/wp-content\/uploads\/2026\/09\/dWl2cnJobG5jNm5oMWIMsa13TMtcfFf74IkjaPpIvRyO-wb7ms30OeZf88qY.png\" \/><br \/>\n<br \/>\n<!-- SC_OFF --><\/p>\n<div class=\"md\">\n<p>Dnes se v Kyjev\u011b st\u0159etli p\u0159\u00edslu\u0161n\u00edci SBU a vojensk\u00e9 rozv\u011bdky GUR p\u0159i zadr\u017een\u00ed \u010dlena Rusk\u00e9ho dobrovolnick\u00e9ho sboru. T\u0159i lid\u00e9 byli zran\u011bni, p\u0159\u00edpad se vy\u0161et\u0159uje a Zelenskyj incident ozna\u010dil za ostudu.  <\/p>\n<p>A rusk\u00e1 propaganda u\u017e samoz\u0159ejm\u011b sn\u00ed o v\u00e1lce ukrajinsk\u00fdch tajn\u00fdch slu\u017eeb. Jen\u017ee probl\u00e9m je sp\u00ed\u0161 v tom, \u017ee Rusov\u00e9 na Ukrajinu prom\u00edtaj\u00ed vlastn\u00ed zku\u0161enost. Zku\u0161enost zem\u011b bez pevn\u00fdch instituc\u00ed, kde se moc dr\u017e\u00ed skrze osobn\u00ed loajalitu, klany a silov\u00e9 slo\u017eky, kter\u00e9 se \u010das od \u010dasu za\u010dnou po\u017e\u00edrat navz\u00e1jem.  <\/p>\n<p>N\u011bkdy je pr\u016fser prost\u011b jen pr\u016fser.<\/p>\n<\/div>\n<p><!-- SC_ON --><br \/>\n<br \/>\n<video  loop=\"on\"   autoplay=\"on\"     controls=\"controls\"><source src=\"https:\/\/v.redd.it\/vhdc5xknc6nh1\/CMAF_1080.mp4?source=fallback\" type=\"video\/mp4\"><\/video><br \/>\n<br \/>\n&#8212;<br \/>\nPurple-Minimum-2292<\/p>\n","protected":false},"excerpt":{"rendered":"Dnes se v Kyjev\u011b st\u0159etli p\u0159\u00edslu\u0161n\u00edci SBU a vojensk\u00e9 rozv\u011bdky GUR p\u0159i zadr\u017een\u00ed \u010dlena Rusk\u00e9ho dobrovolnick\u00e9ho sboru. T\u0159i&hellip;\n","protected":false},"author":2,"featured_media":269630,"comment_status":"open","ping_status":"","sticky":false,"template":"","format":"standard","meta":{"footnotes":"","_share_on_mastodon":"0"},"categories":[10],"tags":[58,59],"class_list":["post-269629","post","type-post","status-publish","format-standard","has-post-thumbnail","category-czech-republic","tag-czech-republic","tag-czechia"],"share_on_mastodon":{"url":"https:\/\/pubeurope.com\/@forums\/117204686511922652","error":""},"_links":{"self":[{"href":"https:\/\/www.europesays.com\/forums\/wp-json\/wp\/v2\/posts\/269629","targetHints":{"allow":["GET"]}}],"collection":[{"href":"https:\/\/www.europesays.com\/forums\/wp-json\/wp\/v2\/posts"}],"about":[{"href":"https:\/\/www.europesays.com\/forums\/wp-json\/wp\/v2\/types\/post"}],"author":[{"embeddable":true,"href":"https:\/\/www.europesays.com\/forums\/wp-json\/wp\/v2\/users\/2"}],"replies":[{"embeddable":true,"href":"https:\/\/www.europesays.com\/forums\/wp-json\/wp\/v2\/comments?post=269629"}],"version-history":[{"count":0,"href":"https:\/\/www.europesays.com\/forums\/wp-json\/wp\/v2\/posts\/269629\/revisions"}],"wp:featuredmedia":[{"embeddable":true,"href":"https:\/\/www.europesays.com\/forums\/wp-json\/wp\/v2\/media\/269630"}],"wp:attachment":[{"href":"https:\/\/www.europesays.com\/forums\/wp-json\/wp\/v2\/media?parent=269629"}],"wp:term":[{"taxonomy":"category","embeddable":true,"href":"https:\/\/www.europesays.com\/forums\/wp-json\/wp\/v2\/categories?post=269629"},{"taxonomy":"post_tag","embeddable":true,"href":"https:\/\/www.europesays.com\/forums\/wp-json\/wp\/v2\/tags?post=269629"}],"curies":[{"name":"wp","href":"https:\/\/api.w.org\/{rel}","templated":true}]}}